{"id":1020,"date":"2024-04-05T11:13:49","date_gmt":"2024-04-05T14:13:49","guid":{"rendered":"https:\/\/guialimeira.com.br\/2024\/04\/05\/demissao-de-diretor-da-penitenciaria-federal-de-mossoro-e-oficializada\/"},"modified":"2024-04-05T11:13:49","modified_gmt":"2024-04-05T14:13:49","slug":"demissao-de-diretor-da-penitenciaria-federal-de-mossoro-e-oficializada","status":"publish","type":"post","link":"https:\/\/guialimeira.com.br\/news\/demissao-de-diretor-da-penitenciaria-federal-de-mossoro-e-oficializada\/","title":{"rendered":"Demiss\u00e3o de diretor da Penitenci\u00e1ria Federal de Mossor\u00f3 \u00e9 oficializada"},"content":{"rendered":"<p> <br \/>\n<\/p>\n<div>\n<p>A demiss\u00e3o do diretor da Penitenci\u00e1ria Federal de Mossor\u00f3, no Rio Grande do Norte, Humberto Gleydson Fontinele Alencar, foi publicada nesta sexta-feira (5) no <a href=\"http:\/\/in.gov.br\/web\/dou\/-\/portaria-de-pessoal-se\/mjsp-n-464-de-25-de-marco-de-2024-552287259\" target=\"_blank\" rel=\"noopener\"><em>Di\u00e1rio Oficial da Uni\u00e3o<\/em><\/a>. A medida acontece um dia ap\u00f3s a <a href=\"http:\/\/agenciabrasil.ebc.com.br\/geral\/noticia\/2024-04\/fugitivos-de-penitenciaria-federal-em-mossoro-sao-recapturados-no-para\" target=\"_blank\" rel=\"noopener\">captura dos fugitivos Rog\u00e9rio da Silva Mendon\u00e7a e Deibson Cabral Nascimento<\/a> em Marab\u00e1, no estado do Par\u00e1, mas o documento \u00e9 datado do dia 25 de mar\u00e7o.<img data-recalc-dims=\"1\" decoding=\"async\" src=\"https:\/\/i0.wp.com\/agenciabrasil.ebc.com.br\/ebc.png?w=696&#038;ssl=1\" style=\"width:1px; height:1px; display:inline;\"\/><img data-recalc-dims=\"1\" decoding=\"async\" src=\"https:\/\/i0.wp.com\/agenciabrasil.ebc.com.br\/ebc.gif?w=696&#038;ssl=1\" style=\"width:1px; height:1px; display:inline;\"\/><\/p>\n<p>Os fugitivos foram presos com mais quatro pessoas e tamb\u00e9m houve a apreens\u00e3o de um fuzil e aparelhos celulares. Em entrevista coletiva, o ministro da Justi\u00e7a e Seguran\u00e7a P\u00fablica, Ricardo Lewandowski, destacou que criminosos das mesmas fac\u00e7\u00f5es de Mendon\u00e7a e Nascimento ajudaram nesses 50 dias em que os detentos permaneceram em fuga.<\/p>\n<p>A opera\u00e7\u00e3o de recaptura envolveu o monitoramento pelo uso da intelig\u00eancia, o que possibilitou a pris\u00e3o de 14 pessoas envolvidas no caso e a localiza\u00e7\u00e3o e pris\u00e3o dos fugitivos a 1,6 mil km de dist\u00e2ncia do local de fuga.<\/p>\n<h2>Afastamento<\/h2>\n<p><a href=\"http:\/\/agenciabrasil.ebc.com.br\/justica\/noticia\/2024-02\/lewandowski-afasta-direcao-de-presidio-de-mossoro-e-ordena-intervencao\" target=\"_blank\" rel=\"noopener\">Lewandowski havia afastado<\/a> o diretor da unidade prisional de seguran\u00e7a m\u00e1xima desde o dia em que a fuga dos dois detentos se tornou p\u00fablica, em 14 de fevereiro. Na ocasi\u00e3o, o ex-diretor da Penitenci\u00e1ria Federal de Catanduvas, no Paran\u00e1, Carlos Luis Vieira Pires, foi nomeado interventor.<\/p>\n<p>O caso chamou a aten\u00e7\u00e3o por ser a primeira fuga registrada no pa\u00eds no sistema penitenci\u00e1rio federal, desde a sua cria\u00e7\u00e3o em 2006. Coordenada pela Secretaria Nacional de Pol\u00edticas Penais (Senappen), do Minist\u00e9rio da Justi\u00e7a e Seguran\u00e7a P\u00fablica, a rede -formada por cinco pres\u00eddios de seguran\u00e7a m\u00e1xima -possui protocolos e sistema de vigil\u00e2ncia avan\u00e7ados.<\/p>\n<p>As investiga\u00e7\u00f5es apontaram que Mendon\u00e7a e Nascimento fugiram da Penitenci\u00e1ria de Mossor\u00f3 usando ferramentas disponibilizadas para uma obra de reforma na unidade. A corregedoria-geral da Senappen informou que <a href=\"http:\/\/agenciabrasil.ebc.com.br\/geral\/noticia\/2024-04\/corregedoria-diz-nao-haver-indicios-de-corrupcao-na-fuga-em-mossoro\" target=\"_blank\" rel=\"noopener\">a apura\u00e7\u00e3o n\u00e3o identificou ind\u00edcios de corrup\u00e7\u00e3o<\/a> na fuga. Tr\u00eas Processos Administrativos Disciplinares (PADs) foram instaurados para identificar e corrigir infra\u00e7\u00f5es entre os servidores da unidade.<\/p>\n<\/p><\/div>\n<p><br \/>\n<br \/><a href=\"https:\/\/agenciabrasil.ebc.com.br\/geral\/noticia\/2024-04\/demissao-de-diretor-da-penitenciaria-federal-de-mossoro-e-oficializada\" rel=\"noopener\">Ag\u00eancia Brasil<\/a><\/p>\n","protected":false},"excerpt":{"rendered":"<p>A demiss\u00e3o do diretor da Penitenci\u00e1ria Federal de Mossor\u00f3, no Rio Grande do Norte, Humberto Gleydson Fontinele Alencar, foi publicada nesta sexta-feira (5) no Di\u00e1rio Oficial da Uni\u00e3o. A medida acontece um dia ap\u00f3s a captura dos fugitivos Rog\u00e9rio da Silva Mendon\u00e7a e Deibson Cabral Nascimento em Marab\u00e1, no estado do Par\u00e1, mas o documento [&hellip;]<\/p>\n","protected":false},"author":1,"featured_media":775,"comment_status":"open","ping_status":"open","sticky":false,"template":"","format":"standard","meta":{"_jetpack_newsletter_access":"","_jetpack_dont_email_post_to_subs":false,"_jetpack_newsletter_tier_id":0,"_jetpack_memberships_contains_paywalled_content":false,"_mbp_banners":[],"_jetpack_feature_clip_id":0,"_jetpack_memberships_contains_paid_content":false,"footnotes":"","jetpack_publicize_message":"","jetpack_publicize_feature_enabled":true,"jetpack_social_post_already_shared":true,"jetpack_social_options":{"image_generator_settings":{"template":"highway","default_image_id":0,"font":"","enabled":false},"version":2},"jetpack_post_was_ever_published":false},"categories":[1],"tags":[],"class_list":["post-1020","post","type-post","status-publish","format-standard","has-post-thumbnail","category-geral"],"jetpack_publicize_connections":[],"jetpack-related-posts":[],"jetpack_shortlink":"https:\/\/wp.me\/p7Eq1F-gs","jetpack_sharing_enabled":true,"jetpack_featured_media_url":"https:\/\/i0.wp.com\/guialimeira.com.br\/news\/wp-content\/uploads\/2024\/04\/presidio_federal_de_mossoro.jpg?fit=1600%2C800&ssl=1","_links":{"self":[{"href":"https:\/\/guialimeira.com.br\/news\/wp-json\/wp\/v2\/posts\/1020","targetHints":{"allow":["GET"]}}],"collection":[{"href":"https:\/\/guialimeira.com.br\/news\/wp-json\/wp\/v2\/posts"}],"about":[{"href":"https:\/\/guialimeira.com.br\/news\/wp-json\/wp\/v2\/types\/post"}],"author":[{"embeddable":true,"href":"https:\/\/guialimeira.com.br\/news\/wp-json\/wp\/v2\/users\/1"}],"replies":[{"embeddable":true,"href":"https:\/\/guialimeira.com.br\/news\/wp-json\/wp\/v2\/comments?post=1020"}],"version-history":[{"count":0,"href":"https:\/\/guialimeira.com.br\/news\/wp-json\/wp\/v2\/posts\/1020\/revisions"}],"wp:featuredmedia":[{"embeddable":true,"href":"https:\/\/guialimeira.com.br\/news\/wp-json\/wp\/v2\/media\/775"}],"wp:attachment":[{"href":"https:\/\/guialimeira.com.br\/news\/wp-json\/wp\/v2\/media?parent=1020"}],"wp:term":[{"taxonomy":"category","embeddable":true,"href":"https:\/\/guialimeira.com.br\/news\/wp-json\/wp\/v2\/categories?post=1020"},{"taxonomy":"post_tag","embeddable":true,"href":"https:\/\/guialimeira.com.br\/news\/wp-json\/wp\/v2\/tags?post=1020"}],"curies":[{"name":"wp","href":"https:\/\/api.w.org\/{rel}","templated":true}]}}