{"id":10199,"date":"2024-07-12T07:42:17","date_gmt":"2024-07-12T10:42:17","guid":{"rendered":"https:\/\/guialimeira.com.br\/2024\/07\/12\/futebol-selecao-feminina-entra-em-reta-final-de-preparacao-para-paris\/"},"modified":"2024-07-12T07:42:17","modified_gmt":"2024-07-12T10:42:17","slug":"futebol-selecao-feminina-entra-em-reta-final-de-preparacao-para-paris","status":"publish","type":"post","link":"https:\/\/guialimeira.com.br\/news\/futebol-selecao-feminina-entra-em-reta-final-de-preparacao-para-paris\/","title":{"rendered":"Futebol: sele\u00e7\u00e3o feminina entra em reta final de prepara\u00e7\u00e3o para Paris"},"content":{"rendered":"<p> <br \/>\n<\/p>\n<div>\n<p><a href=\"https:\/\/agenciabrasil.ebc.com.br\/radioagencia-nacional\/esportes\/audio\/2024-07\/arthur-elias-convoca-selecao-feminina-para-jogos-olimpicos-de-paris\" rel=\"noopener\"><strong>As 18 jogadoras convocadas pelo t\u00e9cnico Arthur Elias <\/strong><\/a>est\u00e3o reunidas no Centro de Treinamento da Confedera\u00e7\u00e3o Brasileira de Futebol (CBF), a Granja Comary, em Teres\u00f3polis (RJ), em prepara\u00e7\u00e3o para a estreia nos Jogos Ol\u00edmpicos de Paris. Al\u00e9m do grupo que vai disputar a Olimp\u00edada, Arthur Elias chamou quatro suplentes, que poder\u00e3o substituir atletas em casos de les\u00f5es, e outras oito jogadoras que v\u00e3o vivenciar o per\u00edodo de concentra\u00e7\u00e3o e auxiliar a comiss\u00e3o t\u00e9cnica nos treinos.\u00a0<img data-recalc-dims=\"1\" decoding=\"async\" src=\"https:\/\/i0.wp.com\/agenciabrasil.ebc.com.br\/ebc.png?w=696&#038;ssl=1\" style=\"width:1px; height:1px; display:inline;\"\/><img data-recalc-dims=\"1\" decoding=\"async\" src=\"https:\/\/i0.wp.com\/agenciabrasil.ebc.com.br\/ebc.gif?w=696&#038;ssl=1\" style=\"width:1px; height:1px; display:inline;\"\/><\/p>\n<p>O grupo finaliza o treinamento\u00a0na\u00a0pr\u00f3xima quarta-feira (17), data em que embarca para Bordeaux, cidade francesa que ser\u00e1 a base da sele\u00e7\u00e3o durante os Jogos.\u00a0<\/p>\n<blockquote class=\"twitter-tweet\">\n<p dir=\"ltr\" lang=\"pt\" xml:lang=\"pt\">Treino com o grupo completo! \u2705<br \/>Foco total na prepara\u00e7\u00e3o! \u2705<\/p>\n<p>E assim\u2026 seguimos! VAAAI, BRASIL! \ud83d\udcaa\ud83c\udde7\ud83c\uddf7 <a href=\"https:\/\/t.co\/FNKVLkQwMz\">pic.twitter.com\/FNKVLkQwMz<\/a><\/p>\n<p>\u2014 Sele\u00e7\u00e3o Feminina de Futebol (@SelecaoFeminina) <a href=\"https:\/\/twitter.com\/SelecaoFeminina\/status\/1811400307366125848?ref_src=twsrc%5Etfw\" rel=\"noopener\">July 11, 2024<\/a><\/p><\/blockquote>\n<p>A apresenta\u00e7\u00e3o das atletas na Granja Comary come\u00e7ou no \u00faltimo dia Desde o dia 4 e o grupo ficou completo seis dias depois com a\u00a0chegada das jogadoras que atuam nos Estados Unidos, incluindo a rainha Marta, que disputar\u00e1 a sexta Olimp\u00edada da carreira.\u00a0<\/p>\n<p>Em <a href=\"https:\/\/www.cbf.com.br\/selecao-brasileira\/noticias\/selecao-feminina\/marta-nosso-objetivo-e-jogar-com-alegria-ousadia-e-muita-garra\" rel=\"noopener\"><strong>entrevista \u00e0 CBF TV<\/strong><\/a>, Marta disse que a alegria \u00e9 em vestir a camisa da sele\u00e7\u00e3o \u00e9 sempre mesma. A primeira vez que representou o Brasil em Jogos Ol\u00edmpicos foi em 2004, na edi\u00e7\u00e3o de Atenas.<\/p>\n<blockquote>\n<p>\u201cNa minha primeira [Olimp\u00edada], eu tinha 18 anos e tudo era novo pra mim. Eu estava descobrindo sobre o futebol feminino brasileiro. Eu j\u00e1 atuava na Su\u00e9cia, mas tinha pouca oportunidade de estar na Sele\u00e7\u00e3o, que jogava menos naquela \u00e9poca, os amistosos eram em menor n\u00famero. Hoje, a bagagem \u00e9 um pouco maior, com muito mais experi\u00eancia, e isso faz com que a gente saiba da responsabilidade, mas com tranquilidade\u201d, pontuou a jogadora premiada seis vezes melhor do mundo.\u00a0<\/p>\n<\/blockquote>\n<p>O Brasil est\u00e1 no Grupo C do futebol feminino da Olimp\u00edada,\u00a0\u00a0ao lado de Nig\u00e9ria, Jap\u00e3o e da atual campe\u00e3 mundial Espanha. A sele\u00e7\u00e3o estreia no dia 25 de julho contra a Nig\u00e9ria, no Est\u00e1dio de Bordeaux. Tr\u00eas dias depois, o pa\u00eds enfrenta o Jap\u00e3o no Parque dos Princ\u00edpes e no dia 31 de julho\u00a0encara a Espanha, encerrando a fase de grupos, novamente no Est\u00e1dio de Bordeaux.\u00a0<\/p>\n<div class=\"dnd-widget-wrapper context-cheio_8colunas type-image\">\n<div class=\"dnd-atom-rendered\"><!-- scald=392443:cheio_8colunas --><\/p>\n<div class=\"shadow overflow-hidden rounded-lg d-block w-100\">\n            <img data-recalc-dims=\"1\" decoding=\"async\" src=\"https:\/\/i0.wp.com\/agenciabrasil.ebc.com.br\/sites\/default\/files\/thumbnails\/image\/loading_v2.gif?w=696&#038;ssl=1\" data-echo=\"https:\/\/imagens.ebc.com.br\/k8y82km3nRP9CM_o8jp5hAfsUAI=\/754x0\/smart\/https:\/\/agenciabrasil.ebc.com.br\/sites\/default\/files\/thumbnails\/image\/2024\/07\/11\/gabi_portilho_selecao_fem_fut_treino_pre_paris.jpeg?itok=067-Sqoi\" alt=\"Gabi Portilho - atacante - sele\u00e7\u00e3o brasileira feminina de futebol - treino na Granja Comary, em 11\/07\/2024\" title=\"Fabio Souza\/CBF\/Direitos Reservados\" class=\"flex-fill img-cover\"\/><br \/>\n        <img data-recalc-dims=\"1\" decoding=\"async\" src=\"https:\/\/i0.wp.com\/imagens.ebc.com.br\/k8y82km3nRP9CM_o8jp5hAfsUAI%3D\/754x0\/smart\/https%3A\/\/agenciabrasil.ebc.com.br\/sites\/default\/files\/thumbnails\/image\/2024\/07\/11\/gabi_portilho_selecao_fem_fut_treino_pre_paris.jpeg?w=696&#038;ssl=1\" alt=\"Gabi Portilho - atacante - sele\u00e7\u00e3o brasileira feminina de futebol - treino na Granja Comary, em 11\/07\/2024\" title=\"Fabio Souza\/CBF\/Direitos Reservados\" class=\"flex-fill img-cover\"\/>\n    <\/div>\n<p><!-- END scald=392443 --><\/div>\n<div class=\"dnd-caption-wrapper\">\n<p><!--copyright=392443-->A atacante Gabi Portilho vive a expectativa de disputar a primeira Olimp\u00edada na carreira. &#8220;Minha ficha n\u00e3o caiu ainda, acho que s\u00f3 vai cair quando chegar l\u00e1&#8221; disse a jogadora, que j\u00e1 trabalhou sob comando de\u00a0Athur Elias quando ele treinava o time feminino do Corinthians &#8211; <strong>Fabio Souza\/CBF\/Direitos Reservados<\/strong><!--END copyright=392443--><\/p>\n<\/div>\n<\/div>\n<p>A equipe convocada pelo t\u00e9cnico Arthur Elias mescla veteranas como Marta, Adriana e Tamires com atletas que representam a renova\u00e7\u00e3o da sele\u00e7\u00e3o, como Jheniffer, Tarciane e Gabi Portilho. Estreante em Olimp\u00edadas, Gabi Portilho atacante do Corinthians, conhece o trabalho de Elia, com que j\u00e1 trabalhou no time\u00a0feminino\u00a0do\u00a0Tim\u00e3o. Ele comandou As Brabas &#8211; apelido da equipe &#8211; at\u00e9 2023 e possui trajet\u00f3ria vitoriosa.\u00a0<\/p>\n<blockquote>\n<p>\u201cEstou\u00a0muito feliz. Minha ficha n\u00e3o caiu ainda, acho que s\u00f3 vai cair quando chegar l\u00e1. A gente est\u00e1 super bem. \u00c9 um grupo forte. Independente de quantas atacantes tiverem a gente \u00e9 uma s\u00f3. Isso faz a diferen\u00e7a l\u00e1, todo mundo trabalhando junto, se dedicando. Acho que a gente vai surpreender\u201d, afirmou Portilho.<\/p>\n<\/blockquote><\/div>\n<p><script async src=\"\/\/platform.twitter.com\/widgets.js\" charset=\"utf-8\"><\/script><br \/>\n<br \/><br \/>\n<br \/><a href=\"https:\/\/agenciabrasil.ebc.com.br\/esportes\/noticia\/2024-07\/futebol-selecao-feminina-entra-em-reta-final-de-preparacao-para-paris\" rel=\"noopener\">Ag\u00eancia Brasil<\/a><\/p>\n","protected":false},"excerpt":{"rendered":"<p>As 18 jogadoras convocadas pelo t\u00e9cnico Arthur Elias est\u00e3o reunidas no Centro de Treinamento da Confedera\u00e7\u00e3o Brasileira de Futebol (CBF), a Granja Comary, em Teres\u00f3polis (RJ), em prepara\u00e7\u00e3o para a estreia nos Jogos Ol\u00edmpicos de Paris. Al\u00e9m do grupo que vai disputar a Olimp\u00edada, Arthur Elias chamou quatro suplentes, que poder\u00e3o substituir atletas em casos [&hellip;]<\/p>\n","protected":false},"author":1,"featured_media":10200,"comment_status":"open","ping_status":"open","sticky":false,"template":"","format":"standard","meta":{"_jetpack_newsletter_access":"","_jetpack_dont_email_post_to_subs":false,"_jetpack_newsletter_tier_id":0,"_jetpack_memberships_contains_paywalled_content":false,"_mbp_banners":[],"_jetpack_feature_clip_id":0,"_jetpack_memberships_contains_paid_content":false,"footnotes":"","jetpack_publicize_message":"","jetpack_publicize_feature_enabled":true,"jetpack_social_post_already_shared":true,"jetpack_social_options":{"image_generator_settings":{"template":"highway","default_image_id":0,"font":"","enabled":false},"version":2},"jetpack_post_was_ever_published":false},"categories":[23],"tags":[],"class_list":["post-10199","post","type-post","status-publish","format-standard","has-post-thumbnail","category-esportes"],"jetpack_publicize_connections":[],"jetpack-related-posts":[],"jetpack_shortlink":"https:\/\/wp.me\/p7Eq1F-2Ev","jetpack_sharing_enabled":true,"jetpack_featured_media_url":"https:\/\/i0.wp.com\/guialimeira.com.br\/news\/wp-content\/uploads\/2024\/07\/selecao_feminina_fut_treino_pre_paris_2024.jpg?fit=1600%2C800&ssl=1","_links":{"self":[{"href":"https:\/\/guialimeira.com.br\/news\/wp-json\/wp\/v2\/posts\/10199","targetHints":{"allow":["GET"]}}],"collection":[{"href":"https:\/\/guialimeira.com.br\/news\/wp-json\/wp\/v2\/posts"}],"about":[{"href":"https:\/\/guialimeira.com.br\/news\/wp-json\/wp\/v2\/types\/post"}],"author":[{"embeddable":true,"href":"https:\/\/guialimeira.com.br\/news\/wp-json\/wp\/v2\/users\/1"}],"replies":[{"embeddable":true,"href":"https:\/\/guialimeira.com.br\/news\/wp-json\/wp\/v2\/comments?post=10199"}],"version-history":[{"count":0,"href":"https:\/\/guialimeira.com.br\/news\/wp-json\/wp\/v2\/posts\/10199\/revisions"}],"wp:featuredmedia":[{"embeddable":true,"href":"https:\/\/guialimeira.com.br\/news\/wp-json\/wp\/v2\/media\/10200"}],"wp:attachment":[{"href":"https:\/\/guialimeira.com.br\/news\/wp-json\/wp\/v2\/media?parent=10199"}],"wp:term":[{"taxonomy":"category","embeddable":true,"href":"https:\/\/guialimeira.com.br\/news\/wp-json\/wp\/v2\/categories?post=10199"},{"taxonomy":"post_tag","embeddable":true,"href":"https:\/\/guialimeira.com.br\/news\/wp-json\/wp\/v2\/tags?post=10199"}],"curies":[{"name":"wp","href":"https:\/\/api.w.org\/{rel}","templated":true}]}}