{"id":10190,"date":"2024-07-11T21:31:13","date_gmt":"2024-07-12T00:31:13","guid":{"rendered":"https:\/\/guialimeira.com.br\/2024\/07\/11\/camex-mantem-elevacao-de-tarifas-de-importacao-de-residuos-solidos\/"},"modified":"2024-07-11T21:31:13","modified_gmt":"2024-07-12T00:31:13","slug":"camex-mantem-elevacao-de-tarifas-de-importacao-de-residuos-solidos","status":"publish","type":"post","link":"https:\/\/guialimeira.com.br\/news\/camex-mantem-elevacao-de-tarifas-de-importacao-de-residuos-solidos\/","title":{"rendered":"Camex mant\u00e9m eleva\u00e7\u00e3o de tarifas de importa\u00e7\u00e3o de res\u00edduos s\u00f3lidos"},"content":{"rendered":"<p> <br \/>\n<\/p>\n<div>\n<p><a href=\"https:\/\/agenciabrasil.ebc.com.br\/economia\/noticia\/2023-07\/tarifa-de-importacao-de-residuos-solidos-sobe-para-18\" target=\"_blank\" rel=\"noopener\">Em 18% desde julho do ano passado<\/a>, as tarifas de importa\u00e7\u00e3o para res\u00edduos de papel, pl\u00e1stico e vidro permanecer\u00e3o nesse n\u00edvel por mais um ano, decidiu nesta quinta-feira (11), em Bras\u00edlia, o Comit\u00ea Executivo de Gest\u00e3o (Gecex), da C\u00e2mara de Com\u00e9rcio Exterior (Camex).<img data-recalc-dims=\"1\" decoding=\"async\" src=\"https:\/\/i0.wp.com\/agenciabrasil.ebc.com.br\/ebc.png?w=696&#038;ssl=1\" style=\"width:1px; height:1px; display:inline;\"\/><img data-recalc-dims=\"1\" decoding=\"async\" src=\"https:\/\/i0.wp.com\/agenciabrasil.ebc.com.br\/ebc.gif?w=696&#038;ssl=1\" style=\"width:1px; height:1px; display:inline;\"\/><\/p>\n<p>Em nota, o Minist\u00e9rio do Desenvolvimento, Ind\u00fastria, Com\u00e9rcio e Servi\u00e7os (MDIC) informou que a medida &#8211; tomada em 2023 &#8211; surtiu efeitos ao reduzir as importa\u00e7\u00f5es de res\u00edduos pl\u00e1sticos e de papel.<\/p>\n<p>\u201cDe agosto de 2023 a maio de 2024, as importa\u00e7\u00f5es de restos de papel ca\u00edram 48,3% e a de pl\u00e1sticos tiveram redu\u00e7\u00e3o de 33%, contribuindo com o mercado nacional de reciclagem e promovendo a gest\u00e3o adequada dos res\u00edduos\u201d, anunciou o minist\u00e9rio. A maior parte dos res\u00edduos importados vem de pa\u00edses de fora do Mercosul. A eleva\u00e7\u00e3o ia expirar em 31 de julho.<\/p>\n<h2>Argumenta\u00e7\u00e3o<\/h2>\n<p>\u201cA maior parte dos res\u00edduos importados, em todos os c\u00f3digos NCMs [Nomenclatura Comum do Mercosul] abrangidos pela medida, \u00e9 proveniente de pa\u00edses fora do Mercosul. Isso refor\u00e7a a import\u00e2ncia da medida para estimular o mercado nacional e evitar a entrada de materiais de baixa qualidade ou com origem duvidosa\u201d, destacou o MDIC.<\/p>\n<p>Acrescentou que a prorroga\u00e7\u00e3o garante a abrang\u00eancia da medida a todos os tipos de res\u00edduos de papel, pl\u00e1stico e vidro relevantes. Isso porque a escolha de apenas algumas categorias poderia levar \u00e0 \u201cfuga\u201d de produtos para outras classifica\u00e7\u00f5es fiscais. Isso diminuiria a efetividade da medida.<\/p>\n<\/p><\/div>\n<p><br \/>\n<br \/><a href=\"https:\/\/agenciabrasil.ebc.com.br\/economia\/noticia\/2024-07\/camex-mantem-elevacao-de-tarifas-de-importacao-de-residuos-solidos\" rel=\"noopener\">Ag\u00eancia Brasil<\/a><\/p>\n","protected":false},"excerpt":{"rendered":"<p>Em 18% desde julho do ano passado, as tarifas de importa\u00e7\u00e3o para res\u00edduos de papel, pl\u00e1stico e vidro permanecer\u00e3o nesse n\u00edvel por mais um ano, decidiu nesta quinta-feira (11), em Bras\u00edlia, o Comit\u00ea Executivo de Gest\u00e3o (Gecex), da C\u00e2mara de Com\u00e9rcio Exterior (Camex). Em nota, o Minist\u00e9rio do Desenvolvimento, Ind\u00fastria, Com\u00e9rcio e Servi\u00e7os (MDIC) informou [&hellip;]<\/p>\n","protected":false},"author":1,"featured_media":10191,"comment_status":"open","ping_status":"open","sticky":false,"template":"","format":"standard","meta":{"_jetpack_newsletter_access":"","_jetpack_dont_email_post_to_subs":false,"_jetpack_newsletter_tier_id":0,"_jetpack_memberships_contains_paywalled_content":false,"_mbp_banners":[],"_jetpack_feature_clip_id":0,"_jetpack_memberships_contains_paid_content":false,"footnotes":"","jetpack_publicize_message":"","jetpack_publicize_feature_enabled":true,"jetpack_social_post_already_shared":true,"jetpack_social_options":{"image_generator_settings":{"template":"highway","default_image_id":0,"font":"","enabled":false},"version":2},"jetpack_post_was_ever_published":false},"categories":[24],"tags":[],"class_list":["post-10190","post","type-post","status-publish","format-standard","has-post-thumbnail","category-economia"],"jetpack_publicize_connections":[],"jetpack-related-posts":[],"jetpack_shortlink":"https:\/\/wp.me\/p7Eq1F-2Em","jetpack_sharing_enabled":true,"jetpack_featured_media_url":"https:\/\/i0.wp.com\/guialimeira.com.br\/news\/wp-content\/uploads\/2024\/07\/agenciabrasil260712_abr9887.jpg?fit=1600%2C800&ssl=1","_links":{"self":[{"href":"https:\/\/guialimeira.com.br\/news\/wp-json\/wp\/v2\/posts\/10190","targetHints":{"allow":["GET"]}}],"collection":[{"href":"https:\/\/guialimeira.com.br\/news\/wp-json\/wp\/v2\/posts"}],"about":[{"href":"https:\/\/guialimeira.com.br\/news\/wp-json\/wp\/v2\/types\/post"}],"author":[{"embeddable":true,"href":"https:\/\/guialimeira.com.br\/news\/wp-json\/wp\/v2\/users\/1"}],"replies":[{"embeddable":true,"href":"https:\/\/guialimeira.com.br\/news\/wp-json\/wp\/v2\/comments?post=10190"}],"version-history":[{"count":0,"href":"https:\/\/guialimeira.com.br\/news\/wp-json\/wp\/v2\/posts\/10190\/revisions"}],"wp:featuredmedia":[{"embeddable":true,"href":"https:\/\/guialimeira.com.br\/news\/wp-json\/wp\/v2\/media\/10191"}],"wp:attachment":[{"href":"https:\/\/guialimeira.com.br\/news\/wp-json\/wp\/v2\/media?parent=10190"}],"wp:term":[{"taxonomy":"category","embeddable":true,"href":"https:\/\/guialimeira.com.br\/news\/wp-json\/wp\/v2\/categories?post=10190"},{"taxonomy":"post_tag","embeddable":true,"href":"https:\/\/guialimeira.com.br\/news\/wp-json\/wp\/v2\/tags?post=10190"}],"curies":[{"name":"wp","href":"https:\/\/api.w.org\/{rel}","templated":true}]}}