{"id":10186,"date":"2024-07-11T20:30:14","date_gmt":"2024-07-11T23:30:14","guid":{"rendered":"https:\/\/guialimeira.com.br\/2024\/07\/11\/fmi-eleva-para-25-projecao-de-medio-prazo-para-crescimento-do-pib\/"},"modified":"2024-07-11T20:30:14","modified_gmt":"2024-07-11T23:30:14","slug":"fmi-eleva-para-25-projecao-de-medio-prazo-para-crescimento-do-pib","status":"publish","type":"post","link":"https:\/\/guialimeira.com.br\/news\/fmi-eleva-para-25-projecao-de-medio-prazo-para-crescimento-do-pib\/","title":{"rendered":"FMI eleva para 2,5% proje\u00e7\u00e3o de m\u00e9dio prazo para crescimento do PIB"},"content":{"rendered":"<p> <br \/>\n<\/p>\n<div>\n<p>O Fundo Monet\u00e1rio Internacional (FMI) elevou, de 2% para 2,5% ao ano, a previs\u00e3o de crescimento de m\u00e9dio prazo para a economia brasileira. A estimativa consta do relat\u00f3rio anual do organismo sobre o Brasil, divulgada nesta quinta-feira (11).<img data-recalc-dims=\"1\" decoding=\"async\" src=\"https:\/\/i0.wp.com\/agenciabrasil.ebc.com.br\/ebc.png?w=696&#038;ssl=1\" style=\"width:1px; height:1px; display:inline;\"\/><img data-recalc-dims=\"1\" decoding=\"async\" src=\"https:\/\/i0.wp.com\/agenciabrasil.ebc.com.br\/ebc.gif?w=696&#038;ssl=1\" style=\"width:1px; height:1px; display:inline;\"\/><\/p>\n<p>Em maio, o FMI tinha emitido comunicado preliminar informando que elevaria a proje\u00e7\u00e3o de m\u00e9dio prazo para o crescimento do Produto Interno Bruto (PIB, soma das riquezas produzidas) do pa\u00eds. Na ocasi\u00e3o, t\u00e9cnicos do Fundo visitaram o Brasil entre 15 e 27 de maio para fazer uma avalia\u00e7\u00e3o da economia brasileira.<\/p>\n<p>Segundo o relat\u00f3rio, a atividade econ\u00f4mica brasileira tem crescido de forma constante e superado as expectativas. O documento destaca v\u00e1rias medidas como positivas para a economia brasileira no m\u00e9dio prazo. As principais s\u00e3o a reforma tribut\u00e1ria sobre o consumo e o plano de transforma\u00e7\u00e3o ecol\u00f3gica.<\/p>\n<p>O FMI tamb\u00e9m destaca que a agenda de crescimento sustent\u00e1vel e inclusiva e a tramita\u00e7\u00e3o de reformas que favore\u00e7am o ambiente de neg\u00f3cios impulsionam o crescimento econ\u00f4mico. O documento tamb\u00e9m cita\u00a0a redu\u00e7\u00e3o do desmatamento, o avan\u00e7o na cria\u00e7\u00e3o da Taxonomia Sustent\u00e1vel Brasileira (padroniza\u00e7\u00e3o de pr\u00e1ticas de economia sustent\u00e1vel), a nova estrutura para o mercado de carbono e a emiss\u00e3o do primeiro t\u00edtulo verde no mercado internacional.<\/p>\n<\/p><\/div>\n<p><br \/>\n<br \/><a href=\"https:\/\/agenciabrasil.ebc.com.br\/economia\/noticia\/2024-07\/fmi-eleva-para-25-projecao-de-medio-prazo-para-crescimento-do-pib\" rel=\"noopener\">Ag\u00eancia Brasil<\/a><\/p>\n","protected":false},"excerpt":{"rendered":"<p>O Fundo Monet\u00e1rio Internacional (FMI) elevou, de 2% para 2,5% ao ano, a previs\u00e3o de crescimento de m\u00e9dio prazo para a economia brasileira. A estimativa consta do relat\u00f3rio anual do organismo sobre o Brasil, divulgada nesta quinta-feira (11). Em maio, o FMI tinha emitido comunicado preliminar informando que elevaria a proje\u00e7\u00e3o de m\u00e9dio prazo para [&hellip;]<\/p>\n","protected":false},"author":1,"featured_media":10187,"comment_status":"open","ping_status":"open","sticky":false,"template":"","format":"standard","meta":{"_jetpack_newsletter_access":"","_jetpack_dont_email_post_to_subs":false,"_jetpack_newsletter_tier_id":0,"_jetpack_memberships_contains_paywalled_content":false,"_mbp_banners":[],"_jetpack_feature_clip_id":0,"_jetpack_memberships_contains_paid_content":false,"footnotes":"","jetpack_publicize_message":"","jetpack_publicize_feature_enabled":true,"jetpack_social_post_already_shared":true,"jetpack_social_options":{"image_generator_settings":{"template":"highway","default_image_id":0,"font":"","enabled":false},"version":2},"jetpack_post_was_ever_published":false},"categories":[24],"tags":[],"class_list":["post-10186","post","type-post","status-publish","format-standard","has-post-thumbnail","category-economia"],"jetpack_publicize_connections":[],"jetpack-related-posts":[],"jetpack_shortlink":"https:\/\/wp.me\/p7Eq1F-2Ei","jetpack_sharing_enabled":true,"jetpack_featured_media_url":"https:\/\/i0.wp.com\/guialimeira.com.br\/news\/wp-content\/uploads\/2024\/07\/economia_1609210425_0.jpg?fit=1600%2C800&ssl=1","_links":{"self":[{"href":"https:\/\/guialimeira.com.br\/news\/wp-json\/wp\/v2\/posts\/10186","targetHints":{"allow":["GET"]}}],"collection":[{"href":"https:\/\/guialimeira.com.br\/news\/wp-json\/wp\/v2\/posts"}],"about":[{"href":"https:\/\/guialimeira.com.br\/news\/wp-json\/wp\/v2\/types\/post"}],"author":[{"embeddable":true,"href":"https:\/\/guialimeira.com.br\/news\/wp-json\/wp\/v2\/users\/1"}],"replies":[{"embeddable":true,"href":"https:\/\/guialimeira.com.br\/news\/wp-json\/wp\/v2\/comments?post=10186"}],"version-history":[{"count":0,"href":"https:\/\/guialimeira.com.br\/news\/wp-json\/wp\/v2\/posts\/10186\/revisions"}],"wp:featuredmedia":[{"embeddable":true,"href":"https:\/\/guialimeira.com.br\/news\/wp-json\/wp\/v2\/media\/10187"}],"wp:attachment":[{"href":"https:\/\/guialimeira.com.br\/news\/wp-json\/wp\/v2\/media?parent=10186"}],"wp:term":[{"taxonomy":"category","embeddable":true,"href":"https:\/\/guialimeira.com.br\/news\/wp-json\/wp\/v2\/categories?post=10186"},{"taxonomy":"post_tag","embeddable":true,"href":"https:\/\/guialimeira.com.br\/news\/wp-json\/wp\/v2\/tags?post=10186"}],"curies":[{"name":"wp","href":"https:\/\/api.w.org\/{rel}","templated":true}]}}