{"id":10170,"date":"2024-07-11T18:19:14","date_gmt":"2024-07-11T21:19:14","guid":{"rendered":"https:\/\/guialimeira.com.br\/2024\/07\/11\/mortalidade-por-virus-respiratorio-em-criancas-segue-alta-diz-fiocruz\/"},"modified":"2024-07-11T18:19:14","modified_gmt":"2024-07-11T21:19:14","slug":"mortalidade-por-virus-respiratorio-em-criancas-segue-alta-diz-fiocruz","status":"publish","type":"post","link":"https:\/\/guialimeira.com.br\/news\/mortalidade-por-virus-respiratorio-em-criancas-segue-alta-diz-fiocruz\/","title":{"rendered":"Mortalidade por v\u00edrus respirat\u00f3rio em crian\u00e7as segue alta, diz Fiocruz"},"content":{"rendered":"<p> <br \/>\n<\/p>\n<div>\n<p>A mortalidade por S\u00edndrome Respirat\u00f3ria Aguda Grave (SRAG) em crian\u00e7as pequenas ainda est\u00e1 alta devido \u00e0 grande circula\u00e7\u00e3o do v\u00edrus sincicial respirat\u00f3rio (VSR). A an\u00e1lise \u00e9 do boletim InfoGripe, da Funda\u00e7\u00e3o Oswaldo Cruz (Fiocruz), divulgado nesta quinta-feira (11).\u00a0<img data-recalc-dims=\"1\" decoding=\"async\" src=\"https:\/\/i0.wp.com\/agenciabrasil.ebc.com.br\/ebc.png?w=696&#038;ssl=1\" style=\"width:1px; height:1px; display:inline;\"\/><img data-recalc-dims=\"1\" decoding=\"async\" src=\"https:\/\/i0.wp.com\/agenciabrasil.ebc.com.br\/ebc.gif?w=696&#038;ssl=1\" style=\"width:1px; height:1px; display:inline;\"\/><\/p>\n<p>O documento destaca que a mortalidade da SRAG nas \u00faltimas oito semanas foi semelhante na faixa infantil de zero\u00a0a dois\u00a0anos e em idosos. No entanto, na popula\u00e7\u00e3o idosa, se destacam as mortes por SRAG associadas ao v\u00edrus da gripe, \u00e0 influenza A e \u00e0 covid-19.\u00a0<\/p>\n<p>Seis unidades da federa\u00e7\u00e3o apresentam sinal de aumento do n\u00famero de casos de S\u00edndrome Respirat\u00f3ria Aguda Grave na tend\u00eancia de longo prazo: Amap\u00e1, Esp\u00edrito Santo, Minas Gerais, Par\u00e1, Roraima e S\u00e3o Paulo. J\u00e1 \u00e9 poss\u00edvel observar uma estabiliza\u00e7\u00e3o ou interrup\u00e7\u00e3o do crescimento do n\u00famero de casos de VSR e influenza A em alguns estados do Centro-Sul.<\/p>\n<p>A an\u00e1lise mostra que ainda est\u00e3o altos os casos dos v\u00edrus influenza, VSR e rinov\u00edrus na maioria dos estados do Sudeste, como Esp\u00edrito Santo, Minas Gerais e S\u00e3o Paulo. Alguns estados do Norte tamb\u00e9m apresentam manuten\u00e7\u00e3o do aumento dos casos de VSR e rinov\u00edrus em crian\u00e7as pequenas.<\/p>\n<p>Segundo a pesquisadora do InfoGripe Tatiana Portella, no cen\u00e1rio nacional, h\u00e1 sinal de queda na tend\u00eancia de longo prazo (\u00faltimas seis semanas) e de estabilidade na tend\u00eancia de curto prazo (\u00faltimas tr\u00eas semanas) nos casos de SRAG.\u00a0<\/p>\n<p>\u201cA diminui\u00e7\u00e3o da S\u00edndrome Respirat\u00f3ria Grave a n\u00edvel nacional se deve a uma queda ou interrup\u00e7\u00e3o no crescimento das SRAG por v\u00edrus respirat\u00f3rio e influenza A em muitos estados\u201d, avalia a pesquisadora, refor\u00e7ando a import\u00e2ncia da vacina\u00e7\u00e3o no pa\u00eds contra a covid-19.<\/p>\n<h2>Covid\u00a0<\/h2>\n<p>A covid-19 tem se mantido em patamares baixos quando comparada com seu hist\u00f3rico de circula\u00e7\u00e3o. Por\u00e9m, o v\u00edrus tem sido a principal causa de interna\u00e7\u00e3o por SRAG entre os idosos do Amazonas, Cear\u00e1 e Piau\u00ed nas \u00faltimas semanas.\u00a0<\/p>\n<p>Tamb\u00e9m alguns estados do Norte e Nordeste t\u00eam apresentado uma ligeira atividade da covid-19.\u00a0<\/p>\n<\/p><\/div>\n<p><br \/>\n<br \/><a href=\"https:\/\/agenciabrasil.ebc.com.br\/saude\/noticia\/2024-07\/mortalidade-por-virus-respiratorio-em-criancas-segue-alta-diz-fiocruz\" rel=\"noopener\">Ag\u00eancia Brasil <\/a><\/p>\n","protected":false},"excerpt":{"rendered":"<p>A mortalidade por S\u00edndrome Respirat\u00f3ria Aguda Grave (SRAG) em crian\u00e7as pequenas ainda est\u00e1 alta devido \u00e0 grande circula\u00e7\u00e3o do v\u00edrus sincicial respirat\u00f3rio (VSR). A an\u00e1lise \u00e9 do boletim InfoGripe, da Funda\u00e7\u00e3o Oswaldo Cruz (Fiocruz), divulgado nesta quinta-feira (11).\u00a0 O documento destaca que a mortalidade da SRAG nas \u00faltimas oito semanas foi semelhante na faixa infantil [&hellip;]<\/p>\n","protected":false},"author":1,"featured_media":7330,"comment_status":"open","ping_status":"open","sticky":false,"template":"","format":"standard","meta":{"_jetpack_newsletter_access":"","_jetpack_dont_email_post_to_subs":false,"_jetpack_newsletter_tier_id":0,"_jetpack_memberships_contains_paywalled_content":false,"_mbp_banners":[],"_jetpack_feature_clip_id":0,"_jetpack_memberships_contains_paid_content":false,"footnotes":"","jetpack_publicize_message":"","jetpack_publicize_feature_enabled":true,"jetpack_social_post_already_shared":true,"jetpack_social_options":{"image_generator_settings":{"template":"highway","default_image_id":0,"font":"","enabled":false},"version":2},"jetpack_post_was_ever_published":false},"categories":[15],"tags":[],"class_list":["post-10170","post","type-post","status-publish","format-standard","has-post-thumbnail","category-saude"],"jetpack_publicize_connections":[],"jetpack-related-posts":[],"jetpack_shortlink":"https:\/\/wp.me\/p7Eq1F-2E2","jetpack_sharing_enabled":true,"jetpack_featured_media_url":"https:\/\/i0.wp.com\/guialimeira.com.br\/news\/wp-content\/uploads\/2024\/06\/Bebes_Rede_Santa20Maria_131.jpg?fit=1600%2C800&ssl=1","_links":{"self":[{"href":"https:\/\/guialimeira.com.br\/news\/wp-json\/wp\/v2\/posts\/10170","targetHints":{"allow":["GET"]}}],"collection":[{"href":"https:\/\/guialimeira.com.br\/news\/wp-json\/wp\/v2\/posts"}],"about":[{"href":"https:\/\/guialimeira.com.br\/news\/wp-json\/wp\/v2\/types\/post"}],"author":[{"embeddable":true,"href":"https:\/\/guialimeira.com.br\/news\/wp-json\/wp\/v2\/users\/1"}],"replies":[{"embeddable":true,"href":"https:\/\/guialimeira.com.br\/news\/wp-json\/wp\/v2\/comments?post=10170"}],"version-history":[{"count":0,"href":"https:\/\/guialimeira.com.br\/news\/wp-json\/wp\/v2\/posts\/10170\/revisions"}],"wp:featuredmedia":[{"embeddable":true,"href":"https:\/\/guialimeira.com.br\/news\/wp-json\/wp\/v2\/media\/7330"}],"wp:attachment":[{"href":"https:\/\/guialimeira.com.br\/news\/wp-json\/wp\/v2\/media?parent=10170"}],"wp:term":[{"taxonomy":"category","embeddable":true,"href":"https:\/\/guialimeira.com.br\/news\/wp-json\/wp\/v2\/categories?post=10170"},{"taxonomy":"post_tag","embeddable":true,"href":"https:\/\/guialimeira.com.br\/news\/wp-json\/wp\/v2\/tags?post=10170"}],"curies":[{"name":"wp","href":"https:\/\/api.w.org\/{rel}","templated":true}]}}