{"id":10164,"date":"2024-07-11T17:18:11","date_gmt":"2024-07-11T20:18:11","guid":{"rendered":"https:\/\/guialimeira.com.br\/2024\/07\/11\/gripe-aviaria-oms-pede-maior-vigilancia-de-casos-em-animais-e-humanos\/"},"modified":"2024-07-11T17:18:11","modified_gmt":"2024-07-11T20:18:11","slug":"gripe-aviaria-oms-pede-maior-vigilancia-de-casos-em-animais-e-humanos","status":"publish","type":"post","link":"https:\/\/guialimeira.com.br\/news\/gripe-aviaria-oms-pede-maior-vigilancia-de-casos-em-animais-e-humanos\/","title":{"rendered":"Gripe avi\u00e1ria: OMS pede maior vigil\u00e2ncia de casos em animais e humanos"},"content":{"rendered":"<p> <br \/>\n<\/p>\n<div>\n<p>O diretor-geral da Organiza\u00e7\u00e3o Mundial da Sa\u00fade (OMS), Tedros Adhanom Ghebreyesus, alertou nesta quinta-feira (11), em Genebra, na Su\u00ed\u00e7a, que a capacidade do \u00f3rg\u00e3o de avaliar e gerir o risco apresentado pela gripe avi\u00e1ria para a sa\u00fade humana est\u00e1 \u201ccomprometida\u201d em raz\u00e3o de falhas na vigil\u00e2ncia de casos em animais em todo o mundo.<img data-recalc-dims=\"1\" decoding=\"async\" src=\"https:\/\/i0.wp.com\/agenciabrasil.ebc.com.br\/ebc.png?w=696&#038;ssl=1\" style=\"width:1px; height:1px; display:inline;\"\/><img data-recalc-dims=\"1\" decoding=\"async\" src=\"https:\/\/i0.wp.com\/agenciabrasil.ebc.com.br\/ebc.gif?w=696&#038;ssl=1\" style=\"width:1px; height:1px; display:inline;\"\/><\/p>\n<p>\u201cNa semana passada, os Estados Unidos reportaram o quarto caso do v\u00edrus H5N1 em humano ap\u00f3s exposi\u00e7\u00e3o a vacas leiteiras infectadas. O Camboja tamb\u00e9m reportou dois casos em crian\u00e7as que tiveram contato com galinhas doentes ou mortas. At\u00e9 o momento, nenhuma transmiss\u00e3o de humano para humano foi reportada e, por isso, a OMS continua a avaliar o risco para o p\u00fablico em geral como baixo\u201d, explicou.<\/p>\n<p>\u201cEntretanto, nossa capacidade de avaliar e gerir esse risco est\u00e1 comprometida em raz\u00e3o da vigil\u00e2ncia limitada de casos de <em>influenza<\/em> em animais em todo o mundo. Compreender como o v\u00edrus se espalha e se reproduz em animais \u00e9 essencial para identificar qualquer mudan\u00e7a que possa aumentar o risco de surtos em humanos ou o potencial para uma pandemia\u201d, acrescentou Tedros.<\/p>\n<p>Em entrevista coletiva, o diretor-geral da OMS apelou para que todos os pa\u00edses fortale\u00e7am seus sistemas de vigil\u00e2ncia e notifica\u00e7\u00e3o de casos de gripe avi\u00e1ria em animais e em humanos. Tedros pediu ainda que os pa\u00edses compartilhem amostras e sequ\u00eancias do v\u00edrus H5N1 com centros colaboradores da OMS em todo o mundo, mantendo acesso p\u00fablico aos dados.<\/p>\n<p>A OMS tamb\u00e9m cobrou que os pa\u00edses ofere\u00e7am prote\u00e7\u00e3o para trabalhadores de fazendas e estabelecimentos similares que possam ser expostos ao v\u00edrus; que ampliem pesquisas sobre a gripe avi\u00e1ria e que encorajem uma coopera\u00e7\u00e3o mais pr\u00f3xima entre os setores de sa\u00fade humana e animal.<\/p>\n<h2>Morte<\/h2>\n<p><a href=\"https:\/\/agenciabrasil.ebc.com.br\/saude\/noticia\/2024-06\/oms-confirma-primeira-morte-por-variante-h5n2-da-gripe-aviaria\" target=\"_blank\" rel=\"noopener\">Em junho, a OMS confirmou a primeira morte pela variante H5N2 da gripe avi\u00e1ria<\/a>. O paciente, de 59 anos, vivia no M\u00e9xico. Este foi o primeiro caso de infec\u00e7\u00e3o em humano confirmado em laborat\u00f3rio em todo o mundo. A morte foi reportada por autoridades sanit\u00e1rias mexicanas no dia 23 de maio.<\/p>\n<p>\u00c0 \u00e9poca, a organiza\u00e7\u00e3o destacou que o paciente, morador da Cidade do M\u00e9xico, n\u00e3o tinha hist\u00f3rico de exposi\u00e7\u00e3o a aves ou outros animais. A variante H5N2 j\u00e1 havia sido identificada em aves do pa\u00eds.<\/p>\n<p>\u201cO paciente tinha m\u00faltiplas condi\u00e7\u00f5es m\u00e9dicas subjacentes. Os familiares relataram que ele j\u00e1 estava acamado h\u00e1 tr\u00eas semanas, por outros motivos, antes do in\u00edcio de sintomas agudos\u201d.<\/p>\n<\/p><\/div>\n<p><br \/>\n<br \/><a href=\"https:\/\/agenciabrasil.ebc.com.br\/saude\/noticia\/2024-07\/gripe-aviaria-oms-pede-maior-vigilancia-de-casos-em-animais-e-humanos\" rel=\"noopener\">Ag\u00eancia Brasil <\/a><\/p>\n","protected":false},"excerpt":{"rendered":"<p>O diretor-geral da Organiza\u00e7\u00e3o Mundial da Sa\u00fade (OMS), Tedros Adhanom Ghebreyesus, alertou nesta quinta-feira (11), em Genebra, na Su\u00ed\u00e7a, que a capacidade do \u00f3rg\u00e3o de avaliar e gerir o risco apresentado pela gripe avi\u00e1ria para a sa\u00fade humana est\u00e1 \u201ccomprometida\u201d em raz\u00e3o de falhas na vigil\u00e2ncia de casos em animais em todo o mundo. \u201cNa [&hellip;]<\/p>\n","protected":false},"author":1,"featured_media":1270,"comment_status":"open","ping_status":"open","sticky":false,"template":"","format":"standard","meta":{"_jetpack_newsletter_access":"","_jetpack_dont_email_post_to_subs":false,"_jetpack_newsletter_tier_id":0,"_jetpack_memberships_contains_paywalled_content":false,"_mbp_banners":[],"_jetpack_feature_clip_id":0,"_jetpack_memberships_contains_paid_content":false,"footnotes":"","jetpack_publicize_message":"","jetpack_publicize_feature_enabled":true,"jetpack_social_post_already_shared":true,"jetpack_social_options":{"image_generator_settings":{"template":"highway","default_image_id":0,"font":"","enabled":false},"version":2},"jetpack_post_was_ever_published":false},"categories":[15],"tags":[],"class_list":["post-10164","post","type-post","status-publish","format-standard","has-post-thumbnail","category-saude"],"jetpack_publicize_connections":[],"jetpack-related-posts":[],"jetpack_shortlink":"https:\/\/wp.me\/p7Eq1F-2DW","jetpack_sharing_enabled":true,"jetpack_featured_media_url":"https:\/\/i0.wp.com\/guialimeira.com.br\/news\/wp-content\/uploads\/2024\/04\/2024-02-16t105128z_1_lynxnpek1f0au_rtroptp_4_health-obesity-who.jpg?fit=1600%2C800&ssl=1","_links":{"self":[{"href":"https:\/\/guialimeira.com.br\/news\/wp-json\/wp\/v2\/posts\/10164","targetHints":{"allow":["GET"]}}],"collection":[{"href":"https:\/\/guialimeira.com.br\/news\/wp-json\/wp\/v2\/posts"}],"about":[{"href":"https:\/\/guialimeira.com.br\/news\/wp-json\/wp\/v2\/types\/post"}],"author":[{"embeddable":true,"href":"https:\/\/guialimeira.com.br\/news\/wp-json\/wp\/v2\/users\/1"}],"replies":[{"embeddable":true,"href":"https:\/\/guialimeira.com.br\/news\/wp-json\/wp\/v2\/comments?post=10164"}],"version-history":[{"count":0,"href":"https:\/\/guialimeira.com.br\/news\/wp-json\/wp\/v2\/posts\/10164\/revisions"}],"wp:featuredmedia":[{"embeddable":true,"href":"https:\/\/guialimeira.com.br\/news\/wp-json\/wp\/v2\/media\/1270"}],"wp:attachment":[{"href":"https:\/\/guialimeira.com.br\/news\/wp-json\/wp\/v2\/media?parent=10164"}],"wp:term":[{"taxonomy":"category","embeddable":true,"href":"https:\/\/guialimeira.com.br\/news\/wp-json\/wp\/v2\/categories?post=10164"},{"taxonomy":"post_tag","embeddable":true,"href":"https:\/\/guialimeira.com.br\/news\/wp-json\/wp\/v2\/tags?post=10164"}],"curies":[{"name":"wp","href":"https:\/\/api.w.org\/{rel}","templated":true}]}}