{"id":10161,"date":"2024-07-11T16:26:12","date_gmt":"2024-07-11T19:26:12","guid":{"rendered":"https:\/\/guialimeira.com.br\/2024\/07\/11\/base-aerea-de-canoas-funcionara-24-horas-por-dia\/"},"modified":"2024-07-11T16:26:12","modified_gmt":"2024-07-11T19:26:12","slug":"base-aerea-de-canoas-funcionara-24-horas-por-dia","status":"publish","type":"post","link":"https:\/\/guialimeira.com.br\/news\/base-aerea-de-canoas-funcionara-24-horas-por-dia\/","title":{"rendered":"Base A\u00e9rea de Canoas funcionar\u00e1 24 horas por dia"},"content":{"rendered":"<p> <br \/>\n<\/p>\n<div>\n<p>A Ag\u00eancia Nacional de Avia\u00e7\u00e3o Civil (Anac) autorizou a Base A\u00e9rea de Canoas (RS), na regi\u00e3o metropolitana de Porto Alegre (RS), a operar 24 horas por dia, o que ampliar\u00e1 o n\u00famero de voos comerciais por semana dos atuais 49 para 87.<img data-recalc-dims=\"1\" decoding=\"async\" src=\"https:\/\/i0.wp.com\/agenciabrasil.ebc.com.br\/ebc.png?w=696&#038;ssl=1\" style=\"width:1px; height:1px; display:inline;\"\/><img data-recalc-dims=\"1\" decoding=\"async\" src=\"https:\/\/i0.wp.com\/agenciabrasil.ebc.com.br\/ebc.gif?w=696&#038;ssl=1\" style=\"width:1px; height:1px; display:inline;\"\/><\/p>\n<p>Com a aprova\u00e7\u00e3o, o total de passageiros semanais na Base A\u00e9rea de Canoas deve subir para cerca de 35 mil pessoas.<\/p>\n<p>Nesta quinta-feira (11), a Anac far\u00e1 a distribui\u00e7\u00e3o dos novos <em>slots<\/em>\u00a0(hor\u00e1rios de pousos e decolagens). \u00a0As novas opera\u00e7\u00f5es estar\u00e3o concentradas no per\u00edodo noturno, entre 21h e 7h30.<\/p>\n<p>O objetivo, explicado pelo Minist\u00e9rio de Portos e Aeroportos (MPor), \u00e9 minimizar os <a href=\"https:\/\/agenciabrasil.ebc.com.br\/geral\/noticia\/2024-05\/aeroporto-de-porto-alegre-suspende-voos-por-tempo-indeterminado\" target=\"_blank\" rel=\"noopener\">impactos negativos<\/a> para o transporte a\u00e9reo de passageiros e de cargas, com a suspens\u00e3o por tempo indeterminado das opera\u00e7\u00f5es aeroportu\u00e1rias do Aeroporto Internacional Salgado Filho, em 3 de maio.<\/p>\n<h2>Ajustes na log\u00edstica<\/h2>\n<p>A Anac estima que a mudan\u00e7a entrar\u00e1 em opera\u00e7\u00e3o entre 10 e 15 dias, a depender de ajustes na log\u00edstica de transporte terrestre de passageiros e bagagens entre o terminal de passageiros do Aeroporto Internacional Salgado Filho e a base militar de Canoas, bem como da oferta de novos voos pelas companhias a\u00e9reas.<\/p>\n<p>Nesta semana, a empresa concession\u00e1ria do principal aeroporto do estado, a Fraport Brasil, anunciou que, a partir de segunda-feira (15), os <a href=\"https:\/\/agenciabrasil.ebc.com.br\/geral\/noticia\/2024-07\/aeroporto-de-porto-alegre-retomara-embarques-e-desembarques-segunda-feira\" target=\"_blank\" rel=\"noopener\">embarques e desembarques <\/a>e os controles de seguran\u00e7a ser\u00e3o retomados, a partir do Salgado Filho.<\/p>\n<p>Desde 27 de maio, a base militar est\u00e1 sendo usada temporariamente para voos comerciais, enquanto o Aeroporto Internacional de Salgado Filho, em Porto Alegre, vem restabelecendo as atividades, ap\u00f3s alagamento da pista de pousos e decolagens e de parte do terminal de passageiros, decorrente dos fortes temporais no Rio Grande do Sul, que provocaram estragos, 182 mortes entre abril e maio e que deixaram dezenas de milhares de pessoas desalojadas e desabrigadas.<\/p>\n<p>H\u00e1 um m\u00eas, o aeroporto de Porto Alegre retomou as opera\u00e7\u00f5es no terminal de cargas para o recebimento e retirada de mercadorias por transporte rodovi\u00e1rio. <a href=\"https:\/\/agenciabrasil.ebc.com.br\/geral\/noticia\/2024-05\/passageiros-comecam-pousar-e-decolar-da-base-aerea-de-canoas\" target=\"_blank\" rel=\"noopener\">O transporte a\u00e9reo de cargas ainda n\u00e3o foi restabelecido<\/a>.<\/p>\n<\/p><\/div>\n<p><br \/>\n<br \/><a href=\"https:\/\/agenciabrasil.ebc.com.br\/economia\/noticia\/2024-07\/base-aerea-de-canoas-funcionara-24-horas-por-dia\" rel=\"noopener\">Ag\u00eancia Brasil<\/a><\/p>\n","protected":false},"excerpt":{"rendered":"<p>A Ag\u00eancia Nacional de Avia\u00e7\u00e3o Civil (Anac) autorizou a Base A\u00e9rea de Canoas (RS), na regi\u00e3o metropolitana de Porto Alegre (RS), a operar 24 horas por dia, o que ampliar\u00e1 o n\u00famero de voos comerciais por semana dos atuais 49 para 87. Com a aprova\u00e7\u00e3o, o total de passageiros semanais na Base A\u00e9rea de Canoas [&hellip;]<\/p>\n","protected":false},"author":1,"featured_media":7311,"comment_status":"open","ping_status":"open","sticky":false,"template":"","format":"standard","meta":{"_jetpack_newsletter_access":"","_jetpack_dont_email_post_to_subs":false,"_jetpack_newsletter_tier_id":0,"_jetpack_memberships_contains_paywalled_content":false,"_mbp_banners":[],"_jetpack_feature_clip_id":0,"_jetpack_memberships_contains_paid_content":false,"footnotes":"","jetpack_publicize_message":"","jetpack_publicize_feature_enabled":true,"jetpack_social_post_already_shared":true,"jetpack_social_options":{"image_generator_settings":{"template":"highway","default_image_id":0,"font":"","enabled":false},"version":2},"jetpack_post_was_ever_published":false},"categories":[24],"tags":[],"class_list":["post-10161","post","type-post","status-publish","format-standard","has-post-thumbnail","category-economia"],"jetpack_publicize_connections":[],"jetpack-related-posts":[],"jetpack_shortlink":"https:\/\/wp.me\/p7Eq1F-2DT","jetpack_sharing_enabled":true,"jetpack_featured_media_url":"https:\/\/i0.wp.com\/guialimeira.com.br\/news\/wp-content\/uploads\/2024\/06\/imagem_do_whatsapp_de_2024-05-25_as_14.03.42_d24517a9.jpg?fit=1600%2C800&ssl=1","_links":{"self":[{"href":"https:\/\/guialimeira.com.br\/news\/wp-json\/wp\/v2\/posts\/10161","targetHints":{"allow":["GET"]}}],"collection":[{"href":"https:\/\/guialimeira.com.br\/news\/wp-json\/wp\/v2\/posts"}],"about":[{"href":"https:\/\/guialimeira.com.br\/news\/wp-json\/wp\/v2\/types\/post"}],"author":[{"embeddable":true,"href":"https:\/\/guialimeira.com.br\/news\/wp-json\/wp\/v2\/users\/1"}],"replies":[{"embeddable":true,"href":"https:\/\/guialimeira.com.br\/news\/wp-json\/wp\/v2\/comments?post=10161"}],"version-history":[{"count":0,"href":"https:\/\/guialimeira.com.br\/news\/wp-json\/wp\/v2\/posts\/10161\/revisions"}],"wp:featuredmedia":[{"embeddable":true,"href":"https:\/\/guialimeira.com.br\/news\/wp-json\/wp\/v2\/media\/7311"}],"wp:attachment":[{"href":"https:\/\/guialimeira.com.br\/news\/wp-json\/wp\/v2\/media?parent=10161"}],"wp:term":[{"taxonomy":"category","embeddable":true,"href":"https:\/\/guialimeira.com.br\/news\/wp-json\/wp\/v2\/categories?post=10161"},{"taxonomy":"post_tag","embeddable":true,"href":"https:\/\/guialimeira.com.br\/news\/wp-json\/wp\/v2\/tags?post=10161"}],"curies":[{"name":"wp","href":"https:\/\/api.w.org\/{rel}","templated":true}]}}