{"id":1014,"date":"2024-04-05T09:35:43","date_gmt":"2024-04-05T12:35:43","guid":{"rendered":"https:\/\/guialimeira.com.br\/2024\/04\/05\/prazo-para-justificar-ausencia-no-encceja-termina-nesta-sexta-feira\/"},"modified":"2024-04-05T09:35:43","modified_gmt":"2024-04-05T12:35:43","slug":"prazo-para-justificar-ausencia-no-encceja-termina-nesta-sexta-feira","status":"publish","type":"post","link":"https:\/\/guialimeira.com.br\/news\/prazo-para-justificar-ausencia-no-encceja-termina-nesta-sexta-feira\/","title":{"rendered":"Prazo para justificar aus\u00eancia no Encceja termina nesta sexta-feira"},"content":{"rendered":"<p> <br \/>\n<\/p>\n<div>\n<p>O prazo para justificar a aus\u00eancia no Exame Nacional para Certifica\u00e7\u00e3o de Compet\u00eancias de Jovens e Adultos (Encceja) de 2023 termina nesta sexta-feira (5), \u00e0s 23h59. A justificativa deve ser apresentada pelos candidatos que quiserem participar do Encceja deste ano gratuitamente.<img data-recalc-dims=\"1\" decoding=\"async\" src=\"https:\/\/i0.wp.com\/agenciabrasil.ebc.com.br\/ebc.png?w=696&#038;ssl=1\" style=\"width:1px; height:1px; display:inline;\"\/><img data-recalc-dims=\"1\" decoding=\"async\" src=\"https:\/\/i0.wp.com\/agenciabrasil.ebc.com.br\/ebc.gif?w=696&#038;ssl=1\" style=\"width:1px; height:1px; display:inline;\"\/><\/p>\n<p>A justificativa deve ser feita no Sistema Encceja. Quem tiver os motivos da aus\u00eancia ou os documentos reprovados, poder\u00e1 fazer uma nova tentativa entre os dias 15 e 19 de abril.<\/p>\n<p>O exame possibilita que jovens e adultos que n\u00e3o conclu\u00edram seus estudos na idade apropriada possam ter a certifica\u00e7\u00e3o do ensino fundamental e m\u00e9dio. As provas avaliam compet\u00eancias, habilidades e saberes adquiridos no processo escolar ou extraescolar.<\/p>\n<p>O exame \u00e9 realizado pelo Instituto Nacional de Estudos e Pesquisas Educacionais An\u00edsio Teixeira (Inep), em colabora\u00e7\u00e3o com as secretarias estaduais e municipais de Educa\u00e7\u00e3o.<\/p>\n<p>O per\u00edodo de inscri\u00e7\u00f5es para a edi\u00e7\u00e3o de 2024 ser\u00e1 de 29 de abril a 10 de maio. O Inep aplicar\u00e1 as provas em 25 de agosto.<\/p>\n<p>\u00a0<\/p>\n<\/p><\/div>\n<p><br \/>\n<br \/><a href=\"https:\/\/agenciabrasil.ebc.com.br\/educacao\/noticia\/2024-04\/prazo-para-justificar-ausencia-no-encceja-termina-nesta-sexta-feira\" rel=\"noopener\">Ag\u00eancia Brasil<\/a><\/p>\n","protected":false},"excerpt":{"rendered":"<p>O prazo para justificar a aus\u00eancia no Exame Nacional para Certifica\u00e7\u00e3o de Compet\u00eancias de Jovens e Adultos (Encceja) de 2023 termina nesta sexta-feira (5), \u00e0s 23h59. A justificativa deve ser apresentada pelos candidatos que quiserem participar do Encceja deste ano gratuitamente. A justificativa deve ser feita no Sistema Encceja. Quem tiver os motivos da aus\u00eancia [&hellip;]<\/p>\n","protected":false},"author":1,"featured_media":1015,"comment_status":"open","ping_status":"open","sticky":false,"template":"","format":"standard","meta":{"_jetpack_newsletter_access":"","_jetpack_dont_email_post_to_subs":false,"_jetpack_newsletter_tier_id":0,"_jetpack_memberships_contains_paywalled_content":false,"_mbp_banners":[],"_jetpack_feature_clip_id":0,"_jetpack_memberships_contains_paid_content":false,"footnotes":"","jetpack_publicize_message":"","jetpack_publicize_feature_enabled":true,"jetpack_social_post_already_shared":true,"jetpack_social_options":{"image_generator_settings":{"template":"highway","default_image_id":0,"font":"","enabled":false},"version":2},"jetpack_post_was_ever_published":false},"categories":[22],"tags":[],"class_list":["post-1014","post","type-post","status-publish","format-standard","has-post-thumbnail","category-nacional"],"jetpack_publicize_connections":[],"jetpack-related-posts":[],"jetpack_shortlink":"https:\/\/wp.me\/p7Eq1F-gm","jetpack_sharing_enabled":true,"jetpack_featured_media_url":"https:\/\/i0.wp.com\/guialimeira.com.br\/news\/wp-content\/uploads\/2024\/04\/image003_4.jpg?fit=1600%2C800&ssl=1","_links":{"self":[{"href":"https:\/\/guialimeira.com.br\/news\/wp-json\/wp\/v2\/posts\/1014","targetHints":{"allow":["GET"]}}],"collection":[{"href":"https:\/\/guialimeira.com.br\/news\/wp-json\/wp\/v2\/posts"}],"about":[{"href":"https:\/\/guialimeira.com.br\/news\/wp-json\/wp\/v2\/types\/post"}],"author":[{"embeddable":true,"href":"https:\/\/guialimeira.com.br\/news\/wp-json\/wp\/v2\/users\/1"}],"replies":[{"embeddable":true,"href":"https:\/\/guialimeira.com.br\/news\/wp-json\/wp\/v2\/comments?post=1014"}],"version-history":[{"count":0,"href":"https:\/\/guialimeira.com.br\/news\/wp-json\/wp\/v2\/posts\/1014\/revisions"}],"wp:featuredmedia":[{"embeddable":true,"href":"https:\/\/guialimeira.com.br\/news\/wp-json\/wp\/v2\/media\/1015"}],"wp:attachment":[{"href":"https:\/\/guialimeira.com.br\/news\/wp-json\/wp\/v2\/media?parent=1014"}],"wp:term":[{"taxonomy":"category","embeddable":true,"href":"https:\/\/guialimeira.com.br\/news\/wp-json\/wp\/v2\/categories?post=1014"},{"taxonomy":"post_tag","embeddable":true,"href":"https:\/\/guialimeira.com.br\/news\/wp-json\/wp\/v2\/tags?post=1014"}],"curies":[{"name":"wp","href":"https:\/\/api.w.org\/{rel}","templated":true}]}}