{"id":10129,"date":"2024-07-11T11:21:13","date_gmt":"2024-07-11T14:21:13","guid":{"rendered":"https:\/\/guialimeira.com.br\/2024\/07\/11\/sbpc-especialistas-defendem-descarbonizacao-da-industria\/"},"modified":"2024-07-11T11:21:13","modified_gmt":"2024-07-11T14:21:13","slug":"sbpc-especialistas-defendem-descarbonizacao-da-industria","status":"publish","type":"post","link":"https:\/\/guialimeira.com.br\/news\/sbpc-especialistas-defendem-descarbonizacao-da-industria\/","title":{"rendered":"SBPC: especialistas defendem descarboniza\u00e7\u00e3o da ind\u00fastria"},"content":{"rendered":"<p> <br \/>\n<\/p>\n<div>\n<p>Apesar da imensa biodiversidade, pa\u00edses da Am\u00e9rica Latina e Caribe est\u00e3o ficando para tr\u00e1s no crescimento econ\u00f4mico associado \u00e0 chamada economia verde. Para reverter o quadro, especialistas destacaram a necessidade de ado\u00e7\u00e3o de pol\u00edticas de descarboniza\u00e7\u00e3o para a ind\u00fastria como um caminho para a promo\u00e7\u00e3o de desenvolvimento e redu\u00e7\u00e3o da desigualdade social.<img data-recalc-dims=\"1\" decoding=\"async\" src=\"https:\/\/i0.wp.com\/agenciabrasil.ebc.com.br\/ebc.png?w=696&#038;ssl=1\" style=\"width:1px; height:1px; display:inline;\"\/><img data-recalc-dims=\"1\" decoding=\"async\" src=\"https:\/\/i0.wp.com\/agenciabrasil.ebc.com.br\/ebc.gif?w=696&#038;ssl=1\" style=\"width:1px; height:1px; display:inline;\"\/><\/p>\n<p>Segundo a diretora interina da Comiss\u00e3o Econ\u00f4mica para a Am\u00e9rica Latina e o Caribe (Cepal), Camila Gramkow, a proje\u00e7\u00e3o de crescimento das economias da regi\u00e3o em 2024 \u00e9 lenta, seguindo o quadro dos \u00faltimos anos, devendo ficar em 2,1%.<\/p>\n<p>Uma das comiss\u00f5es da Organiza\u00e7\u00e3o das Na\u00e7\u00f5es Unidas (ONU), a Cepal destaca ainda que o crescimento ser\u00e1 menor na Am\u00e9rica do Sul, ficando em 1,6%. A Am\u00e9rica Central e o M\u00e9xico deve crescer 2,7% e o Caribe (excluindo a Guiana), 2,8%.<\/p>\n<p>O tema foi um dos debates da 76\u00aa reuni\u00e3o da Sociedade Brasileira para o Progresso da Ci\u00eancia, que prossegue\u00a0at\u00e9 o dia 13, em Bel\u00e9m. Durante mesa redonda sobre uma pol\u00edtica de descarboniza\u00e7\u00e3o para a ind\u00fastria, Camila afirmou que o quadro fica mais grave diante do cen\u00e1rio de mudan\u00e7as clim\u00e1ticas, que tende a agravar a desigualdade social historicamente existente na regi\u00e3o<\/p>\n<p>\u201cA mudan\u00e7a clim\u00e1tica \u00e9\u00a0uma detonadora, uma aceleradora de desigualdade, os atores que v\u00e3o sentir os seus efeitos s\u00e3o as comunidades mais vulner\u00e1veis, as que vivem nas encostas de morros e que est\u00e3o sujeitos a deslizamentos; as que vivem nas margens dos rios e ficam sujeitas a enchentes e secas severas e assim por diante\u201d, ressaltou.<\/p>\n<p>Economista de forma\u00e7\u00e3o com doutorado em economia de mudan\u00e7as clim\u00e1ticas na Inglaterra, a diretora da Cepal destacou que, se n\u00e3o houver medidas impulsionadas para enfrentar as mudan\u00e7as clim\u00e1ticas, a desigualdade na regi\u00e3o vai ser agravada. \u201cA crise ambiental n\u00e3o quer dizer um novo problema que est\u00e1\u00a0sendo gerado, mas \u00e9 um problema que agrava os problemas que j\u00e1 existem\u201d, definiu.<\/p>\n<p>\u00a0Segundo a diretora,\u00a0o desafio para a regi\u00e3o \u00e9 avan\u00e7ar para um crescimento que seja mais din\u00e2mico e inclusivo. \u00c9 um dos caminhos \u00e9 a ado\u00e7\u00e3o de pol\u00edticas voltadas para a descarboniza\u00e7\u00e3o da ind\u00fastria por meio de um \u201cgrande impulso\u201d de investimentos.<\/p>\n<p>Na avalia\u00e7\u00e3o dela, o impulso teria capacidade, no curto prazo, de tracionar e puxar a prosperidade econ\u00f4mica e gera\u00e7\u00e3o de empregos e, no longo prazo impulsionar a mudan\u00e7as na matriz industrial, focado na descarboniza\u00e7\u00e3o e economia verde.<\/p>\n<p>Essa mudan\u00e7a dever\u00e1 ser feita por meio da coordena\u00e7\u00e3o de pol\u00edticas federais, fiscais, macroecon\u00f4micas, regulat\u00f3rias, envolvendo setor produtivo, setor p\u00fablico e sociedade civil.<\/p>\n<p>\u201cSe n\u00e3o houver investimentos na ind\u00fastria, para que ela seja capaz de gerar parte das solu\u00e7\u00f5es, das tecnologias descarbonizantes ser\u00e1 um oportunidade perdida para transformar isso&#8221;, afirmou Camila, destacando que o Brasil j\u00e1 foi respons\u00e1vel, no in\u00edcio da d\u00e9cada de 1990 por cerca de 12% do total de patentes verdes no mundo e que atualmente responde por 1%.<\/p>\n<p>Entre os exemplos de setores que podem impulsionar a descarboniza\u00e7\u00e3o da economia e, consequentemente, da ind\u00fastria est\u00e3o o de transi\u00e7\u00e3o energ\u00e9tica, energias renov\u00e1veis, hidrog\u00eanio verde, eletromobilidade, economia circular, bioeconomia, agricultura sustent\u00e1vel, agricultura para a seguran\u00e7a alimentar, turismo sustent\u00e1vel, gest\u00e3o sustent\u00e1vel da \u00e1gua, manufatura avan\u00e7ada, entre outros.<\/p>\n<p>\u201cNa aus\u00eancia de uma pol\u00edtica industrial de desenvolvimento produtivo, a gente est\u00e1 falando de uma descarboniza\u00e7\u00e3o dependente do exterior, com carros el\u00e9tricos importados, \u00f4nibus el\u00e9tricos importados, pain\u00e9is solares importados\u201d, disse.<\/p>\n<h2>Brasil<\/h2>\n<p>O diretor de Descarboniza\u00e7\u00e3o e Finan\u00e7as Verdes da Secretaria de Economia Verde, Descarboniza\u00e7\u00e3o e bioind\u00fastria do Minist\u00e9rio do Desenvolvimento, Ind\u00fastria e Com\u00e9rcio (MDIC), Jo\u00e3o Francisco Avelino, disse que uma das estrat\u00e9gias adotadas pelo governo \u00e9 incidir no\u00a0processo por meio de programas como o Programa de Acelera\u00e7\u00e3o do Crescimento (PAC).<\/p>\n<p>\u201cO PAC em um puxador de demanda, e pode gerar a demanda por esses produtos verdes descarbonizados, sen\u00e3o a ind\u00fastria n\u00e3o vai para essa dire\u00e7\u00e3o\u201d, destacou.<\/p>\n<p>Avelino observou que o Brasil tem uma posi\u00e7\u00e3o diferenciada em rela\u00e7\u00e3o a outros pa\u00edses, em especial os pa\u00edses da Uni\u00e3o Europeia e os Estados Unidos, j\u00e1 que a maior parte da matriz energ\u00e9tica brasileira e formada por fontes renov\u00e1veis. Ele lembrou anda que o desmatamento \u00e9 o maior respons\u00e1vel pelas emiss\u00f5es de gases de efeito estufa no pa\u00eds.<\/p>\n<p>\u201cO desmatamento \u00e9 o grande vil\u00e3o das emiss\u00f5es nacionais. Em muitos aspectos, j\u00e1 fizemos uma transi\u00e7\u00e3o energ\u00e9tica, a nossa matriz \u00e9 muito mais limpa do que o resto do mundo. Na hora de discutir a descarboniza\u00e7\u00e3o no Brasil, temos que ter uma abordagem que represente\u00a0a nossa realidade. A gente enxerga a descarboniza\u00e7\u00e3o com o uma oportunidade de neg\u00f3cios.\u201d<\/p>\n<p>O coordenador do programa de biotecnologia da Universidade Federal do Par\u00e1 (UFPA), Lu\u00eds Adriano do Nascimento (UFPA), indicou\u00a0como um dos caminhos\u00a0o investimento em biocombust\u00edveis e combust\u00edveis verdes.<\/p>\n<p>\u201cA redu\u00e7\u00e3o na emiss\u00e3o de carbono vai acontecer, mas n\u00e3o apenas com a descarboniza\u00e7\u00e3o. A gente ainda vai precisar e combust\u00edveis a base de carbono, mas que eles sejam renov\u00e1veis\u201d, destacou.<\/p>\n<p>Segundo Nascimento, esses combust\u00edveis ter\u00e3o um papel fundamental no cen\u00e1rio de transi\u00e7\u00e3o energ\u00e9tica e citou como exemplo o Combust\u00edvel Sustent\u00e1vel de Avia\u00e7\u00e3o, ou SAF (da sigla em ingl\u00eas Sustainable Aviation Fuel), produzido a partir de fontes renov\u00e1veis e que pode reduzir a emiss\u00e3o de CO2 entre 70% e 90%, em compara\u00e7\u00e3o com o querosene de avia\u00e7\u00e3o; e o biobunker, combust\u00edvel para grandes embarca\u00e7\u00f5es.<\/p>\n<p>\u201cEm termos de ci\u00eancia temos v\u00e1rios caminhos, a quest\u00e3o \u00e9 encontrar essas respostas de uma maneira mais r\u00e1pida, com investimentos\u201d, explicou. \u201cO nosso papel mostrar quanto a ci\u00eancia est\u00e1 diretamente relacionada com a solu\u00e7\u00e3o desse problema, ela que vai dar subs\u00eddios para o direcionamento de pol\u00edticas\u201d, defendeu Nascimento.<\/p>\n<\/p><\/div>\n<p><br \/>\n<br \/><a href=\"https:\/\/agenciabrasil.ebc.com.br\/economia\/noticia\/2024-07\/sbpc-especialistas-defendem-descarbonizacao-da-industria\" rel=\"noopener\">Ag\u00eancia Brasil<\/a><\/p>\n","protected":false},"excerpt":{"rendered":"<p>Apesar da imensa biodiversidade, pa\u00edses da Am\u00e9rica Latina e Caribe est\u00e3o ficando para tr\u00e1s no crescimento econ\u00f4mico associado \u00e0 chamada economia verde. Para reverter o quadro, especialistas destacaram a necessidade de ado\u00e7\u00e3o de pol\u00edticas de descarboniza\u00e7\u00e3o para a ind\u00fastria como um caminho para a promo\u00e7\u00e3o de desenvolvimento e redu\u00e7\u00e3o da desigualdade social. Segundo a diretora [&hellip;]<\/p>\n","protected":false},"author":1,"featured_media":10130,"comment_status":"open","ping_status":"open","sticky":false,"template":"","format":"standard","meta":{"_jetpack_newsletter_access":"","_jetpack_dont_email_post_to_subs":false,"_jetpack_newsletter_tier_id":0,"_jetpack_memberships_contains_paywalled_content":false,"_mbp_banners":[],"_jetpack_feature_clip_id":0,"_jetpack_memberships_contains_paid_content":false,"footnotes":"","jetpack_publicize_message":"","jetpack_publicize_feature_enabled":true,"jetpack_social_post_already_shared":true,"jetpack_social_options":{"image_generator_settings":{"template":"highway","default_image_id":0,"font":"","enabled":false},"version":2},"jetpack_post_was_ever_published":false},"categories":[24],"tags":[],"class_list":["post-10129","post","type-post","status-publish","format-standard","has-post-thumbnail","category-economia"],"jetpack_publicize_connections":[],"jetpack-related-posts":[],"jetpack_shortlink":"https:\/\/wp.me\/p7Eq1F-2Dn","jetpack_sharing_enabled":true,"jetpack_featured_media_url":"https:\/\/i0.wp.com\/guialimeira.com.br\/news\/wp-content\/uploads\/2024\/07\/camilo_3.jpg?fit=1600%2C800&ssl=1","_links":{"self":[{"href":"https:\/\/guialimeira.com.br\/news\/wp-json\/wp\/v2\/posts\/10129","targetHints":{"allow":["GET"]}}],"collection":[{"href":"https:\/\/guialimeira.com.br\/news\/wp-json\/wp\/v2\/posts"}],"about":[{"href":"https:\/\/guialimeira.com.br\/news\/wp-json\/wp\/v2\/types\/post"}],"author":[{"embeddable":true,"href":"https:\/\/guialimeira.com.br\/news\/wp-json\/wp\/v2\/users\/1"}],"replies":[{"embeddable":true,"href":"https:\/\/guialimeira.com.br\/news\/wp-json\/wp\/v2\/comments?post=10129"}],"version-history":[{"count":0,"href":"https:\/\/guialimeira.com.br\/news\/wp-json\/wp\/v2\/posts\/10129\/revisions"}],"wp:featuredmedia":[{"embeddable":true,"href":"https:\/\/guialimeira.com.br\/news\/wp-json\/wp\/v2\/media\/10130"}],"wp:attachment":[{"href":"https:\/\/guialimeira.com.br\/news\/wp-json\/wp\/v2\/media?parent=10129"}],"wp:term":[{"taxonomy":"category","embeddable":true,"href":"https:\/\/guialimeira.com.br\/news\/wp-json\/wp\/v2\/categories?post=10129"},{"taxonomy":"post_tag","embeddable":true,"href":"https:\/\/guialimeira.com.br\/news\/wp-json\/wp\/v2\/tags?post=10129"}],"curies":[{"name":"wp","href":"https:\/\/api.w.org\/{rel}","templated":true}]}}