{"id":10108,"date":"2024-07-10T21:03:15","date_gmt":"2024-07-11T00:03:15","guid":{"rendered":"https:\/\/guialimeira.com.br\/2024\/07\/10\/bndes-apresenta-fundo-clima-a-governadores-do-consorcio-brasil-verde\/"},"modified":"2024-07-10T21:03:15","modified_gmt":"2024-07-11T00:03:15","slug":"bndes-apresenta-fundo-clima-a-governadores-do-consorcio-brasil-verde","status":"publish","type":"post","link":"https:\/\/guialimeira.com.br\/news\/bndes-apresenta-fundo-clima-a-governadores-do-consorcio-brasil-verde\/","title":{"rendered":"BNDES apresenta Fundo Clima a governadores do Cons\u00f3rcio Brasil Verde"},"content":{"rendered":"<p> <br \/>\n<\/p>\n<div>\n<p>O Banco Nacional de Desenvolvimento Econ\u00f4mico e Social (BNDES) realizou nesta quarta-feira (10) reuni\u00e3o com governadores do Cons\u00f3rcio Brasil Verde para apresentar as condi\u00e7\u00f5es do Fundo Clima e do Programa BNDES Invest Impacto.\u00a0<img data-recalc-dims=\"1\" decoding=\"async\" src=\"https:\/\/i0.wp.com\/agenciabrasil.ebc.com.br\/ebc.png?w=696&#038;ssl=1\" style=\"width:1px; height:1px; display:inline;\"\/><img data-recalc-dims=\"1\" decoding=\"async\" src=\"https:\/\/i0.wp.com\/agenciabrasil.ebc.com.br\/ebc.gif?w=696&#038;ssl=1\" style=\"width:1px; height:1px; display:inline;\"\/><\/p>\n<div class=\"dnd-widget-wrapper context-medio_4colunas type-image atom-align-left\">\n<div class=\"dnd-atom-rendered\"><!-- scald=392182:medio_4colunas {\"additionalClasses\":\"\"} --><\/p>\n<div class=\"shadow overflow-hidden rounded-lg d-block w-100\">\n            <img data-recalc-dims=\"1\" decoding=\"async\" src=\"https:\/\/i0.wp.com\/agenciabrasil.ebc.com.br\/sites\/default\/files\/thumbnails\/image\/loading_v2.gif?w=696&#038;ssl=1\" data-echo=\"https:\/\/imagens.ebc.com.br\/uW051aX9v9Y-2tlNeMRZdSnH9vw=\/365x0\/smart\/https:\/\/agenciabrasil.ebc.com.br\/sites\/default\/files\/thumbnails\/image\/2024\/07\/10\/toms2257.jpg?itok=JOSv4uzm\" alt=\"Rio de Janeiro (RJ), 10\/07\/2024 \u2013 O presidente do Banco Nacional de Desenvolvimento Econ\u00f4mico e Social (BNDES), Aloizio Mercadante durante reuni\u00e3o de apresenta\u00e7\u00e3o do Fundo Clima a governadores do Cons\u00f3rcio Brasil Verde, na institui\u00e7\u00e3o, no centro do Rio de Janeiro. Foto: Tomaz Silva\/Ag\u00eancia Brasil\" title=\"Tomaz Silva\/Ag\u00eancia Brasil\" class=\"flex-fill img-cover\"\/><br \/>\n        <img data-recalc-dims=\"1\" decoding=\"async\" src=\"https:\/\/i0.wp.com\/imagens.ebc.com.br\/uW051aX9v9Y-2tlNeMRZdSnH9vw%3D\/365x0\/smart\/https%3A\/\/agenciabrasil.ebc.com.br\/sites\/default\/files\/thumbnails\/image\/2024\/07\/10\/toms2257.jpg?w=696&#038;ssl=1\" alt=\"Rio de Janeiro (RJ), 10\/07\/2024 \u2013 O presidente do Banco Nacional de Desenvolvimento Econ\u00f4mico e Social (BNDES), Aloizio Mercadante durante reuni\u00e3o de apresenta\u00e7\u00e3o do Fundo Clima a governadores do Cons\u00f3rcio Brasil Verde, na institui\u00e7\u00e3o, no centro do Rio de Janeiro. Foto: Tomaz Silva\/Ag\u00eancia Brasil\" title=\"Tomaz Silva\/Ag\u00eancia Brasil\" class=\"flex-fill img-cover\"\/>\n    <\/div>\n<p><!-- END scald=392182 --><\/div>\n<div class=\"dnd-caption-wrapper\">\n<p>Aloizio Mercadante, durante reuni\u00e3o\u00a0na sede institui\u00e7\u00e3o, centro do Rio. Foto:\u00a0<strong>Tomaz Silva\/Ag\u00eancia Brasil<\/strong><!--END copyright=392182--><\/p>\n<\/div>\n<\/div>\n<p>O presidente do BNDES, Aloizio Mercadante, e o diretor de Planejamento e Estrutura\u00e7\u00e3o de Projetos, Nelson Barbosa, participaram\u00a0da abertura do evento O Papel do Fundo Clima no Financiamento dos Estados Brasileiros,\u00a0ao lado do governador do Esp\u00edrito Santo, Renato, presidente do\u00a0cons\u00f3rcio.\u00a0<\/p>\n<p>Segundo o diretor de Planejamento e Estrutura\u00e7\u00e3o de Projetos do banco, Nelson Barbosa, a reuni\u00e3o teve por objetivo apresentar os detalhes do novo Fundo Clima e mostrar como os estados podem acessar essa fonte de financiamento.<\/p>\n<div class=\"dnd-widget-wrapper context-medio_4colunas type-image atom-align-right\">\n<div class=\"dnd-atom-rendered\"><!-- scald=392189:medio_4colunas {\"additionalClasses\":\"\"} --><\/p>\n<div class=\"shadow overflow-hidden rounded-lg d-block w-100\">\n            <img data-recalc-dims=\"1\" decoding=\"async\" src=\"https:\/\/i0.wp.com\/agenciabrasil.ebc.com.br\/sites\/default\/files\/thumbnails\/image\/loading_v2.gif?w=696&#038;ssl=1\" data-echo=\"https:\/\/imagens.ebc.com.br\/ozxSBpJzMvHXQ_F3tqPDeAUHIbU=\/365x0\/smart\/https:\/\/agenciabrasil.ebc.com.br\/sites\/default\/files\/thumbnails\/image\/2024\/07\/10\/toms2378.jpg?itok=9ZGHrD4y\" alt=\"Rio de Janeiro (RJ), 10\/07\/2024 \u2013 O diretor de planejamento e estrutura\u00e7\u00e3o de projetos do Banco Nacional de Desenvolvimento Econ\u00f4mico e Social (BNDES), Nelson Barbosa durante reuni\u00e3o de apresenta\u00e7\u00e3o do Fundo Clima do BNDES a governadores do Cons\u00f3rcio Brasil Verde, na institui\u00e7\u00e3o, no centro do Rio de Janeiro. Foto: Tomaz Silva\/Ag\u00eancia Brasil\" title=\"Tomaz Silva\/Ag\u00eancia Brasil\" class=\"flex-fill img-cover\"\/><br \/>\n        <img data-recalc-dims=\"1\" decoding=\"async\" src=\"https:\/\/i0.wp.com\/imagens.ebc.com.br\/ozxSBpJzMvHXQ_F3tqPDeAUHIbU%3D\/365x0\/smart\/https%3A\/\/agenciabrasil.ebc.com.br\/sites\/default\/files\/thumbnails\/image\/2024\/07\/10\/toms2378.jpg?w=696&#038;ssl=1\" alt=\"Rio de Janeiro (RJ), 10\/07\/2024 \u2013 O diretor de planejamento e estrutura\u00e7\u00e3o de projetos do Banco Nacional de Desenvolvimento Econ\u00f4mico e Social (BNDES), Nelson Barbosa durante reuni\u00e3o de apresenta\u00e7\u00e3o do Fundo Clima do BNDES a governadores do Cons\u00f3rcio Brasil Verde, na institui\u00e7\u00e3o, no centro do Rio de Janeiro. Foto: Tomaz Silva\/Ag\u00eancia Brasil\" title=\"Tomaz Silva\/Ag\u00eancia Brasil\" class=\"flex-fill img-cover\"\/>\n    <\/div>\n<p><!-- END scald=392189 --><\/div>\n<p><h6 class=\"meta\">Nelson Barbosa;\u00a0objetivo foi mostrar como o banco pode ajudar na elabora\u00e7\u00e3o de projetos de infraestrutura ambiental.\u00a0\u00a0Foto:\u00a0<strong>Tomaz Silva\/Ag\u00eancia Brasil<\/strong><!--END copyright=392189--><\/h6>\n<\/p>\n<\/div>\n<p>\u201cTamb\u00e9m mostrar\u00a0como podemos ajudar na elabora\u00e7\u00e3o de projetos de infraestrutura ambiental, com destaque para o manejo sustent\u00e1vel de floresta e recupera\u00e7\u00e3o de \u00e1reas degradadas e tamb\u00e9m de rios, lagos e recursos h\u00eddricos.\u201d<\/p>\n<p>O Cons\u00f3rcio Brasil Verde \u00e9 formado por 15 entes federados: Acre, Bahia, Esp\u00edrito Santo, Goi\u00e1s, Mato Grosso do Sul, Minas Gerais, Para\u00edba, Paran\u00e1, Pernambuco, Piau\u00ed, Rio Grande do Norte, Rio Grande do Sul, S\u00e3o Paulo, Rio de Janeiro e Sergipe.<\/p>\n<p>O Programa BNDES Invest Impacto possibilita que os governos estaduais apresentem um conjunto de investimentos e, depois, submetam o detalhamento t\u00e9cnico dos projetos individuais para aprova\u00e7\u00e3o do banco. A solu\u00e7\u00e3o possui condi\u00e7\u00f5es favor\u00e1veis para projetos que reduzam vulnerabilidades socioecon\u00f4micas e promovam a mitiga\u00e7\u00e3o e\/ou adapta\u00e7\u00e3o \u00e0s mudan\u00e7as clim\u00e1ticas.<\/p>\n<p>O Fundo Clima, que \u00e9 um dos instrumentos da Pol\u00edtica Nacional sobre Mudan\u00e7a do Clima e est\u00e1 vinculado ao Minist\u00e9rio do Meio Ambiente e Mudan\u00e7a do Clima, cresceu e atingiu R$ 10,4 bilh\u00f5es,\u00a0abastecido com emiss\u00f5es do Tesouro Nacional de t\u00edtulos sustent\u00e1veis.\u00a0 \u201cNo ano passado, o Tesouro fez uma emiss\u00e3o de cerca de R$ 10 bilh\u00f5es e pode chegar a at\u00e9 R$ 20 bilh\u00f5es at\u00e9 o fim do ano\u201d, disse Barbosa.<\/p>\n<p>Segundo o diretor, o\u00a0BNDES empresta a 6,15% ao ano mais <em>spread<\/em> para projetos de desenvolvimento urbano que inclui mobilidade urbana, preven\u00e7\u00e3o de desastres, cidades resilientes. &#8220;Para a ind\u00fastria verde, s\u00e3o equipamentos que v\u00e3o emitir menos g\u00e1s do efeito estufa. A taxa para recupera\u00e7\u00e3o de \u00e1reas degradadas e reflorestamento \u00e9 1%.\u201d<\/p>\n<p>A previs\u00e3o de desembolsos \u00e9 de R$ 32 bilh\u00f5es at\u00e9 2026 para o Fundo Clima. \u201cA maior parte puxado por projetos de energia renov\u00e1vel, \u00e9olica, solar e biog\u00e1s, e desenvolvimento urbano puxado por projetos de mobilidade urbana, projetos de eletrifica\u00e7\u00e3o de frota de \u00f4nibus, VLT. S\u00e3o projetos protocolados que passaram por uma primeira an\u00e1lise. J\u00e1 tem pedidos que totalizam R$ 32 bilh\u00f5es at\u00e9 2026\u201d, disse Barbosa.<\/p>\n<p>O financiamento pode ser tomado por empresas privadas, prefeituras e estados.<\/p>\n<div class=\"dnd-widget-wrapper context-medio_4colunas type-image atom-align-left\">\n<div class=\"dnd-atom-rendered\"><!-- scald=392191:medio_4colunas {\"additionalClasses\":\"\"} --><\/p>\n<div class=\"shadow overflow-hidden rounded-lg d-block w-100\">\n            <img data-recalc-dims=\"1\" decoding=\"async\" src=\"https:\/\/i0.wp.com\/agenciabrasil.ebc.com.br\/sites\/default\/files\/thumbnails\/image\/loading_v2.gif?w=696&#038;ssl=1\" data-echo=\"https:\/\/imagens.ebc.com.br\/UIZU9DBkDCoak3_lBRRF8wgVPEA=\/365x0\/smart\/https:\/\/agenciabrasil.ebc.com.br\/sites\/default\/files\/thumbnails\/image\/2024\/07\/10\/toms2206.jpg?itok=A4sbFV2a\" alt=\"Rio de Janeiro (RJ), 10\/07\/2024 \u2013 Reuni\u00e3o de apresenta\u00e7\u00e3o do Fundo Clima do Banco Nacional de Desenvolvimento Econ\u00f4mico e Social  (BNDES) a governadores do Cons\u00f3rcio Brasil Verde, na institui\u00e7\u00e3o, no centro do Rio de Janeiro. Foto: Tomaz Silva\/Ag\u00eancia Brasil\" title=\"Tomaz Silva\/Ag\u00eancia Brasil\" class=\"flex-fill img-cover\"\/><br \/>\n        <img data-recalc-dims=\"1\" decoding=\"async\" src=\"https:\/\/i0.wp.com\/imagens.ebc.com.br\/UIZU9DBkDCoak3_lBRRF8wgVPEA%3D\/365x0\/smart\/https%3A\/\/agenciabrasil.ebc.com.br\/sites\/default\/files\/thumbnails\/image\/2024\/07\/10\/toms2206.jpg?w=696&#038;ssl=1\" alt=\"Rio de Janeiro (RJ), 10\/07\/2024 \u2013 Reuni\u00e3o de apresenta\u00e7\u00e3o do Fundo Clima do Banco Nacional de Desenvolvimento Econ\u00f4mico e Social  (BNDES) a governadores do Cons\u00f3rcio Brasil Verde, na institui\u00e7\u00e3o, no centro do Rio de Janeiro. Foto: Tomaz Silva\/Ag\u00eancia Brasil\" title=\"Tomaz Silva\/Ag\u00eancia Brasil\" class=\"flex-fill img-cover\"\/>\n    <\/div>\n<p><!-- END scald=392191 --><\/div>\n<p><h6 class=\"meta\">presenta\u00e7\u00e3o do Fundo Clima do Banco Nacional de Desenvolvimento Econ\u00f4mico e Social\u00a0a governadores. Foto:\u00a0<strong>Tomaz Silva\/Ag\u00eancia Brasil<\/strong><!--END copyright=392191--><\/h6>\n<\/p>\n<\/div>\n<p>O BNDES tem outro projeto para estados e munic\u00edpios que se chama Invest Impacto. \u201c\u00c9 como se aprovasse uma linha de cr\u00e9dito para o estado X, voc\u00ea tem capacidade de pegar no BNDES R$ 500 milh\u00f5es. J\u00e1 pr\u00e9-aprova uma linha e depois voc\u00ea vai apresentando projetos de moderniza\u00e7\u00e3o da administra\u00e7\u00e3o, ambientais, de infraestrutura tradicional\u201d, disse o diretor.<\/p>\n<p>Para o governador do Esp\u00edrito Santo, Renato Casagrande, o debate maior foi sobre o Fundo Clima.<\/p>\n<p>\u201cOs estados podem acessar os recursos do Fundo Clima, dar conhecimento aos estados de forma igualit\u00e1ria das condi\u00e7\u00f5es, dos projetos priorit\u00e1rios, do custo desses financiamentos. Queremos incentivar os estados a ter projetos, de ter seus planos de redu\u00e7\u00e3o das emiss\u00f5es, de adapta\u00e7\u00e3o a mudan\u00e7as clim\u00e1ticas e ter no BNDES um apoio para financiamento clim\u00e1tico\u201d. disse.<\/p>\n<\/p><\/div>\n<p><br \/>\n<br \/><a href=\"https:\/\/agenciabrasil.ebc.com.br\/economia\/noticia\/2024-07\/bndes-apresenta-fundo-clima-governadores-do-consorcio-brasil-verde\" rel=\"noopener\">Ag\u00eancia Brasil<\/a><\/p>\n","protected":false},"excerpt":{"rendered":"<p>O Banco Nacional de Desenvolvimento Econ\u00f4mico e Social (BNDES) realizou nesta quarta-feira (10) reuni\u00e3o com governadores do Cons\u00f3rcio Brasil Verde para apresentar as condi\u00e7\u00f5es do Fundo Clima e do Programa BNDES Invest Impacto.\u00a0 Aloizio Mercadante, durante reuni\u00e3o\u00a0na sede institui\u00e7\u00e3o, centro do Rio. Foto:\u00a0Tomaz Silva\/Ag\u00eancia Brasil O presidente do BNDES, Aloizio Mercadante, e o diretor de [&hellip;]<\/p>\n","protected":false},"author":1,"featured_media":10109,"comment_status":"open","ping_status":"open","sticky":false,"template":"","format":"standard","meta":{"_jetpack_newsletter_access":"","_jetpack_dont_email_post_to_subs":false,"_jetpack_newsletter_tier_id":0,"_jetpack_memberships_contains_paywalled_content":false,"_mbp_banners":[],"_jetpack_feature_clip_id":0,"_jetpack_memberships_contains_paid_content":false,"footnotes":"","jetpack_publicize_message":"","jetpack_publicize_feature_enabled":true,"jetpack_social_post_already_shared":true,"jetpack_social_options":{"image_generator_settings":{"template":"highway","default_image_id":0,"font":"","enabled":false},"version":2},"jetpack_post_was_ever_published":false},"categories":[24],"tags":[],"class_list":["post-10108","post","type-post","status-publish","format-standard","has-post-thumbnail","category-economia"],"jetpack_publicize_connections":[],"jetpack-related-posts":[],"jetpack_shortlink":"https:\/\/wp.me\/p7Eq1F-2D2","jetpack_sharing_enabled":true,"jetpack_featured_media_url":"https:\/\/i0.wp.com\/guialimeira.com.br\/news\/wp-content\/uploads\/2024\/07\/toms2223.jpg?fit=1600%2C800&ssl=1","_links":{"self":[{"href":"https:\/\/guialimeira.com.br\/news\/wp-json\/wp\/v2\/posts\/10108","targetHints":{"allow":["GET"]}}],"collection":[{"href":"https:\/\/guialimeira.com.br\/news\/wp-json\/wp\/v2\/posts"}],"about":[{"href":"https:\/\/guialimeira.com.br\/news\/wp-json\/wp\/v2\/types\/post"}],"author":[{"embeddable":true,"href":"https:\/\/guialimeira.com.br\/news\/wp-json\/wp\/v2\/users\/1"}],"replies":[{"embeddable":true,"href":"https:\/\/guialimeira.com.br\/news\/wp-json\/wp\/v2\/comments?post=10108"}],"version-history":[{"count":0,"href":"https:\/\/guialimeira.com.br\/news\/wp-json\/wp\/v2\/posts\/10108\/revisions"}],"wp:featuredmedia":[{"embeddable":true,"href":"https:\/\/guialimeira.com.br\/news\/wp-json\/wp\/v2\/media\/10109"}],"wp:attachment":[{"href":"https:\/\/guialimeira.com.br\/news\/wp-json\/wp\/v2\/media?parent=10108"}],"wp:term":[{"taxonomy":"category","embeddable":true,"href":"https:\/\/guialimeira.com.br\/news\/wp-json\/wp\/v2\/categories?post=10108"},{"taxonomy":"post_tag","embeddable":true,"href":"https:\/\/guialimeira.com.br\/news\/wp-json\/wp\/v2\/tags?post=10108"}],"curies":[{"name":"wp","href":"https:\/\/api.w.org\/{rel}","templated":true}]}}