{"id":10104,"date":"2024-07-10T20:03:28","date_gmt":"2024-07-10T23:03:28","guid":{"rendered":"https:\/\/guialimeira.com.br\/2024\/07\/10\/justica-solta-tecnico-preso-por-suspeita-de-injuria-racial-apos-jogo\/"},"modified":"2024-07-10T20:03:28","modified_gmt":"2024-07-10T23:03:28","slug":"justica-solta-tecnico-preso-por-suspeita-de-injuria-racial-apos-jogo","status":"publish","type":"post","link":"https:\/\/guialimeira.com.br\/news\/justica-solta-tecnico-preso-por-suspeita-de-injuria-racial-apos-jogo\/","title":{"rendered":"Justi\u00e7a solta t\u00e9cnico preso por suspeita de inj\u00faria racial ap\u00f3s jogo"},"content":{"rendered":"<p> <br \/>\n<\/p>\n<div>\n<p>O Tribunal de Justi\u00e7a da Bahia concedeu nesta quarta-feira (10) liberdade provis\u00f3ria ao t\u00e9cnico portugu\u00eas Hugo Miguel Duarte Macedo \u2013 treinador do time feminino do JC Futebol Club &#8211; <strong><a href=\"https:\/\/agenciabrasil.ebc.com.br\/esportes\/noticia\/2024-07\/suspeita-de-racismo-mancha-festa-do-bahia-pelo-acesso-a-serie-a1\" rel=\"noopener\">preso em flagrante na \u00faltima segunda (8) por suspeita de inj\u00faria racial<\/a><\/strong> contra a zagueira do Bahia Suelen Santos. O fato ocorreu ap\u00f3s a partida entre os clubes pelas quartas de final da S\u00e9rie A2 (segunda divis\u00e3o) do Campeonato Brasileiro Feminino, no Est\u00e1dio de Pitua\u00e7u, em Salvador.<img data-recalc-dims=\"1\" decoding=\"async\" src=\"https:\/\/i0.wp.com\/agenciabrasil.ebc.com.br\/ebc.png?w=696&#038;ssl=1\" style=\"width:1px; height:1px; display:inline;\"\/><img data-recalc-dims=\"1\" decoding=\"async\" src=\"https:\/\/i0.wp.com\/agenciabrasil.ebc.com.br\/ebc.gif?w=696&#038;ssl=1\" style=\"width:1px; height:1px; display:inline;\"\/><\/p>\n<p>Ap\u00f3s audi\u00eancia de cust\u00f3dia, a ju\u00edza Marcela Moura Fran\u00e7a determinou o cumprimento de v\u00e1rias medidas cautelares para a soltura do treinador, como o pagamento de fian\u00e7a no valor de 30 sal\u00e1rios m\u00ednimos (o equivalente a R$ 42 mil) e o compromisso de manter dist\u00e2ncia de pelo menos 200 metros da v\u00edtima, no caso Suelen Santos. O t\u00e9cnico, de 44 anos, tamb\u00e9m ter\u00e1 de comparecer a cada dois meses em ju\u00edzo pelo prazo de um ano e n\u00e3o poder\u00e1 se ausentar de Manaus (AM), onde vive, sem pr\u00e9via permiss\u00e3o da Justi\u00e7a.<\/p>\n<div class=\"dnd-widget-wrapper context-cheio_8colunas type-image\">\n<div class=\"dnd-atom-rendered\"><!-- scald=392155:cheio_8colunas --><\/p>\n<div class=\"shadow overflow-hidden rounded-lg d-block w-100\">\n            <img data-recalc-dims=\"1\" decoding=\"async\" src=\"https:\/\/i0.wp.com\/agenciabrasil.ebc.com.br\/sites\/default\/files\/thumbnails\/image\/loading_v2.gif?w=696&#038;ssl=1\" data-echo=\"https:\/\/imagens.ebc.com.br\/7c4RF4K-SETg8VZF4UrsOTagXTs=\/754x0\/smart\/https:\/\/agenciabrasil.ebc.com.br\/sites\/default\/files\/thumbnails\/image\/2024\/07\/09\/suellen_santos_bahia_feminino_futebol.jpg?itok=55hKrAWD\" alt=\"Suelen Santos foi alvo de ofensas racistas proferidas pelo t\u00e9cnico Hugo Duarte, do JC Futebol Clube-AM, derrotado pelo Bahia nas quartas de final da S\u00e9rie A2 do Brasileiro Feminino\" title=\"Reprodu\u00e7\u00e3o Instagram\/@su_oficial01\" class=\"flex-fill img-cover\"\/><br \/>\n        <img data-recalc-dims=\"1\" decoding=\"async\" src=\"https:\/\/i0.wp.com\/imagens.ebc.com.br\/7c4RF4K-SETg8VZF4UrsOTagXTs%3D\/754x0\/smart\/https%3A\/\/agenciabrasil.ebc.com.br\/sites\/default\/files\/thumbnails\/image\/2024\/07\/09\/suellen_santos_bahia_feminino_futebol.jpg?w=696&#038;ssl=1\" alt=\"Suelen Santos foi alvo de ofensas racistas proferidas pelo t\u00e9cnico Hugo Duarte, do JC Futebol Clube-AM, derrotado pelo Bahia nas quartas de final da S\u00e9rie A2 do Brasileiro Feminino\" title=\"Reprodu\u00e7\u00e3o Instagram\/@su_oficial01\" class=\"flex-fill img-cover\"\/>\n    <\/div>\n<p><!-- END scald=392155 --><\/div>\n<div class=\"dnd-caption-wrapper\">\n<p><!--copyright=392155-->Suelen Santos afirma ter sido\u00a0\u00a0alvo de ofensas racistas proferidas pelo t\u00e9cnico Hugo Duarte, do JC Futebol Clube-AM, que foi derrotado pelo Bahia\u00a0 no placar agregado das \u00a0quartas de final da S\u00e9rie A2 do Brasileiro Feminino &#8211; <strong>Reprodu\u00e7\u00e3o Instagram\/@su_oficial01<\/strong><!--END copyright=392155--><\/p>\n<\/div>\n<\/div>\n<p>Na noite da \u00faltima segunda (8), ao fim do jogo da volta das quartas de final da S\u00e9rie A2, o time feminino do Bahia comemora o acesso \u00e0 S\u00e9rie A1 (primeira divis\u00e3o) do Brasileiro em 2025, quando come\u00e7ou uma confus\u00e3o. O jogo terminou empatado em gols, mas o Bahia, tamb\u00e9m conhecido como \u201cMulheres de A\u00e7o\u201d, se classificou \u00e0s semifinais pois j\u00e1 vencera o primeiro jogo por 2 a 0.<\/p>\n<p>Houve bate-boca entre jogadoras do Bahia e Hugo Duarte, t\u00e9cnico do time amazonense. Em meio ao tumulto, Suelen relatou \u00e0 arbitra ter sido alvo de xingamento racista por parte de Duarte. A Pol\u00edcia Militar foi chamada ao est\u00e1dio e encaminhou Suelen, o t\u00e9cnico Duarte e testemunhas \u00e0\u00a0Central de Flagrantes, onde o boletim de ocorr\u00eancia foi registrado. Hugo Duarte negou os xingamentos de cunho racista, mas foi preso\u00a0por suspeita de inj\u00faria racial.<\/p>\n<p>Nesta quarta (10), a <a href=\"https:\/\/agenciabrasil.ebc.com.br\/esportes\/noticia\/2024-07\/suspeita-de-racismo-mancha-festa-do-bahia-pelo-acesso-a-serie-a1\" rel=\"noopener\"><strong>Ordem dos Advogados do Brasil (OAB) da Bahia manifestou apoio\u00a0\u00e0 Suelen Santos<\/strong><\/a> e demais jogadoras do Mulheres de A\u00e7o, em nota oficial publica no site da entidade.<\/p>\n<blockquote>\n<p>\u201cAl\u00e9m do comportamento machista e mis\u00f3gino contra as jogadoras do time baiano, o t\u00e9cnico, ao proferir inj\u00farias racistas na tentativa de depreciar a honra da jogadora, demonstra seu total despreparo para exercer um cargo que deve primar pelo respeito \u00e0 fun\u00e7\u00e3o social do esporte e a coletividade.\u00a0O futebol feminino \u00e9 um espa\u00e7o de empoderamento e fortalecimento da pluralidade e diversidade de todas as mulheres, e n\u00e3o pode admitir atitudes racistas e machistas, principalmente quando tomadas por pessoas que deveriam ser exemplo na luta contra o preconceito\u201d.<\/p>\n<\/blockquote>\n<p>Na noite de segunda, os clubes Bahia e JC futebol Clube tamb\u00e9m repudiaram o ocorrido nas redes sociais. No dia seguinte, <a href=\"https:\/\/www.instagram.com\/p\/C9M8vtYuJD4\/?utm_source=ig_embed&amp;ig_rid=639da399-8c69-4325-b927-2f24f7aea2b0\" rel=\"noopener\"><strong>a zagueira tricolor fez um desabafo nas redes sociais.<\/strong><\/a><\/p>\n<blockquote>\n<p>\u201cA Constitui\u00e7\u00e3o Brasileira delineia o direito de ser tratado como igual perante os demais membros da sociedade, sem discri\u00e7\u00e3o de etnia e ra\u00e7a\u201d, defendeu a atleta.\u201d A naturaliza\u00e7\u00e3o que foi proferida\u00a0mais de uma vez pela express\u00e3o racista \u201cmacaca\u201d tenta silenciar a minha figura como mulher preta no esporte, por\u00e9m o ato den\u00fancia \u00e9 a arma que tenho para combater o racista\u201d.<\/p>\n<\/blockquote><\/div>\n<p><script async src=\"\/\/www.instagram.com\/embed.js\"><\/script><br \/>\n<br \/><br \/>\n<br \/><a href=\"https:\/\/agenciabrasil.ebc.com.br\/esportes\/noticia\/2024-07\/justica-solta-tecnico-preso-por-suspeita-de-injuria-racial-apos-jogo\" rel=\"noopener\">Ag\u00eancia Brasil<\/a><\/p>\n","protected":false},"excerpt":{"rendered":"<p>O Tribunal de Justi\u00e7a da Bahia concedeu nesta quarta-feira (10) liberdade provis\u00f3ria ao t\u00e9cnico portugu\u00eas Hugo Miguel Duarte Macedo \u2013 treinador do time feminino do JC Futebol Club &#8211; preso em flagrante na \u00faltima segunda (8) por suspeita de inj\u00faria racial contra a zagueira do Bahia Suelen Santos. O fato ocorreu ap\u00f3s a partida entre [&hellip;]<\/p>\n","protected":false},"author":1,"featured_media":10105,"comment_status":"open","ping_status":"open","sticky":false,"template":"","format":"standard","meta":{"_jetpack_newsletter_access":"","_jetpack_dont_email_post_to_subs":false,"_jetpack_newsletter_tier_id":0,"_jetpack_memberships_contains_paywalled_content":false,"_mbp_banners":[],"_jetpack_feature_clip_id":0,"_jetpack_memberships_contains_paid_content":false,"footnotes":"","jetpack_publicize_message":"","jetpack_publicize_feature_enabled":true,"jetpack_social_post_already_shared":true,"jetpack_social_options":{"image_generator_settings":{"template":"highway","default_image_id":0,"font":"","enabled":false},"version":2},"jetpack_post_was_ever_published":false},"categories":[23],"tags":[],"class_list":["post-10104","post","type-post","status-publish","format-standard","has-post-thumbnail","category-esportes"],"jetpack_publicize_connections":[],"jetpack-related-posts":[],"jetpack_shortlink":"https:\/\/wp.me\/p7Eq1F-2CY","jetpack_sharing_enabled":true,"jetpack_featured_media_url":"https:\/\/i0.wp.com\/guialimeira.com.br\/news\/wp-content\/uploads\/2024\/07\/hugo_duarte_tecnico_preso_injuria_racial.jpg?fit=1600%2C800&ssl=1","_links":{"self":[{"href":"https:\/\/guialimeira.com.br\/news\/wp-json\/wp\/v2\/posts\/10104","targetHints":{"allow":["GET"]}}],"collection":[{"href":"https:\/\/guialimeira.com.br\/news\/wp-json\/wp\/v2\/posts"}],"about":[{"href":"https:\/\/guialimeira.com.br\/news\/wp-json\/wp\/v2\/types\/post"}],"author":[{"embeddable":true,"href":"https:\/\/guialimeira.com.br\/news\/wp-json\/wp\/v2\/users\/1"}],"replies":[{"embeddable":true,"href":"https:\/\/guialimeira.com.br\/news\/wp-json\/wp\/v2\/comments?post=10104"}],"version-history":[{"count":0,"href":"https:\/\/guialimeira.com.br\/news\/wp-json\/wp\/v2\/posts\/10104\/revisions"}],"wp:featuredmedia":[{"embeddable":true,"href":"https:\/\/guialimeira.com.br\/news\/wp-json\/wp\/v2\/media\/10105"}],"wp:attachment":[{"href":"https:\/\/guialimeira.com.br\/news\/wp-json\/wp\/v2\/media?parent=10104"}],"wp:term":[{"taxonomy":"category","embeddable":true,"href":"https:\/\/guialimeira.com.br\/news\/wp-json\/wp\/v2\/categories?post=10104"},{"taxonomy":"post_tag","embeddable":true,"href":"https:\/\/guialimeira.com.br\/news\/wp-json\/wp\/v2\/tags?post=10104"}],"curies":[{"name":"wp","href":"https:\/\/api.w.org\/{rel}","templated":true}]}}