{"id":10098,"date":"2024-07-10T19:00:46","date_gmt":"2024-07-10T22:00:46","guid":{"rendered":"https:\/\/guialimeira.com.br\/2024\/07\/10\/fazenda-reduz-para-r-18-bi-impacto-da-desoneracao-da-folha-em-2024\/"},"modified":"2024-07-10T19:00:46","modified_gmt":"2024-07-10T22:00:46","slug":"fazenda-reduz-para-r-18-bi-impacto-da-desoneracao-da-folha-em-2024","status":"publish","type":"post","link":"https:\/\/guialimeira.com.br\/news\/fazenda-reduz-para-r-18-bi-impacto-da-desoneracao-da-folha-em-2024\/","title":{"rendered":"Fazenda reduz para R$ 18 bi impacto da desonera\u00e7\u00e3o da folha em 2024"},"content":{"rendered":"<p> <br \/>\n<\/p>\n<div>\n<p>O impacto da desonera\u00e7\u00e3o da folha de pagamentos para 17 setores da economia e para pequenos munic\u00edpios ser\u00e1 de R$ 18 bilh\u00f5es em 2024, disse nesta quarta-feira (10) o ministro da Fazenda, Fernando Haddad. Segundo ele, o governo revisou para baixo a estimativa por causa da evolu\u00e7\u00e3o das receitas ao longo do ano.<img data-recalc-dims=\"1\" decoding=\"async\" src=\"https:\/\/i0.wp.com\/agenciabrasil.ebc.com.br\/ebc.png?w=696&#038;ssl=1\" style=\"width:1px; height:1px; display:inline;\"\/><img data-recalc-dims=\"1\" decoding=\"async\" src=\"https:\/\/i0.wp.com\/agenciabrasil.ebc.com.br\/ebc.gif?w=696&#038;ssl=1\" style=\"width:1px; height:1px; display:inline;\"\/><\/p>\n<p>\u201cN\u00f3s t\u00ednhamos falado inicialmente em R$ 22 bilh\u00f5es [de perda de arrecada\u00e7\u00e3o federal]: R$ 10 bilh\u00f5es dos munic\u00edpios e R$ 12 bilh\u00f5es dos 17 setores. Depois, com a evolu\u00e7\u00e3o da arrecada\u00e7\u00e3o deste ano, fomos reestimando o valor, e ele caiu um pouquinho: para R$ 17 bilh\u00f5es a R$ 18 bilh\u00f5es em 2024. \u00c9 com base nisso que n\u00f3s estamos fazendo a reproje\u00e7\u00e3o da compensa\u00e7\u00e3o\u201d, disse o ministro.<\/p>\n<p>Haddad defendeu que o Senado aprove, antes do recesso parlamentar, o projeto de lei que compensa os R$ 18 bilh\u00f5es da prorroga\u00e7\u00e3o do benef\u00edcio. O ministro ressaltou que o governo precisa dos recursos para elaborar o Or\u00e7amento de 2025, que ser\u00e1 enviado ao Congresso no fim de agosto.<\/p>\n<p>\u201cTem que ser votado. At\u00e9 porque eu preciso disso para fechar o Or\u00e7amento [de 2025]. Eu preciso neste momento. Vou fazer o poss\u00edvel para que o projeto seja votado, porque, se a gente votar at\u00e9 o come\u00e7o de agosto, tem que votar antes do [envio do] Or\u00e7amento\u201d, declarou o ministro.<\/p>\n<p>Haddad lembrou que, se o projeto n\u00e3o for aprovado a tempo, o Supremo Tribunal Federal (STF) <a href=\"https:\/\/agenciabrasil.ebc.com.br\/economia\/noticia\/2024-07\/haddad-diz-que-stf-agira-se-desoneracao-da-folha-nao-coberta\" rel=\"noopener\">determinar\u00e1 o fim da desonera\u00e7\u00e3o<\/a> da folha de pagamento. A vota\u00e7\u00e3o no Senado est\u00e1 prevista para esta quarta-feira.<\/p>\n<p>O ministro afirmou ter negociado, nesta quarta, detalhes do projeto com o presidente do Senado, Rodrigo Pacheco, mas n\u00e3o informou quais seriam os pontos discutidos. \u201cFiquei aqui de fazer uma rela\u00e7\u00e3o de um \u00faltimo objeto de negocia\u00e7\u00e3o que foi feito agora com o presidente [Pacheo]. Vou sentar com a Receita Federal agora para redigir aquilo que foi adiantado ali com o presidente e vou remeter para o senador Jacques Wagner [relator do projeto] at\u00e9 hoje \u00e0 noite, se tudo der certo\u201d, acrescentou Haddad.<\/p>\n<h2>Hist\u00f3rico<\/h2>\n<p>Em maio, quando o governo, o Congresso e o STF fecharam um <a href=\"https:\/\/agenciabrasil.ebc.com.br\/economia\/noticia\/2024-05\/folha-de-pagamento-de-17-setores-sera-reonerada-partir-de-2025\" rel=\"noopener\">acordo para prorrogar<\/a> a desonera\u00e7\u00e3o da folha at\u00e9 2027, a Receita Federal tinha informado que o impacto seria de R$ 26,3 bilh\u00f5es. Desse total, R$ 15,8 bilh\u00f5es corresponderiam \u00e0s empresas e R$ 10,2 bilh\u00f5es aos munic\u00edpios.<\/p>\n<p>Posteriormente, o governo editou uma medida provis\u00f3ria que restringia as compensa\u00e7\u00f5es do Programa de Integra\u00e7\u00e3o Social (PIS) e da Contribui\u00e7\u00e3o para o Financiamento da Seguridade Social (Cofins) e refor\u00e7aria os cofres federais em R$ 29,2 bilh\u00f5es. O texto <a href=\"https:\/\/agenciabrasil.ebc.com.br\/politica\/noticia\/2024-06\/pacheco-decide-devolver-texto-de-mp-do-piscofins-ao-governo\" rel=\"noopener\">foi devolvido ao governo<\/a> por falta de acordo.<\/p>\n<\/p><\/div>\n<p><br \/>\n<br \/><a href=\"https:\/\/agenciabrasil.ebc.com.br\/economia\/noticia\/2024-07\/fazenda-reduz-para-r-18-bi-impacto-da-desoneracao-da-folha-em-2024\" rel=\"noopener\">Ag\u00eancia Brasil<\/a><\/p>\n","protected":false},"excerpt":{"rendered":"<p>O impacto da desonera\u00e7\u00e3o da folha de pagamentos para 17 setores da economia e para pequenos munic\u00edpios ser\u00e1 de R$ 18 bilh\u00f5es em 2024, disse nesta quarta-feira (10) o ministro da Fazenda, Fernando Haddad. Segundo ele, o governo revisou para baixo a estimativa por causa da evolu\u00e7\u00e3o das receitas ao longo do ano. \u201cN\u00f3s t\u00ednhamos [&hellip;]<\/p>\n","protected":false},"author":1,"featured_media":10099,"comment_status":"open","ping_status":"open","sticky":false,"template":"","format":"standard","meta":{"_jetpack_newsletter_access":"","_jetpack_dont_email_post_to_subs":false,"_jetpack_newsletter_tier_id":0,"_jetpack_memberships_contains_paywalled_content":false,"_mbp_banners":[],"_jetpack_feature_clip_id":0,"_jetpack_memberships_contains_paid_content":false,"footnotes":"","jetpack_publicize_message":"","jetpack_publicize_feature_enabled":true,"jetpack_social_post_already_shared":true,"jetpack_social_options":{"image_generator_settings":{"template":"highway","default_image_id":0,"font":"","enabled":false},"version":2},"jetpack_post_was_ever_published":false},"categories":[24],"tags":[],"class_list":["post-10098","post","type-post","status-publish","format-standard","has-post-thumbnail","category-economia"],"jetpack_publicize_connections":[],"jetpack-related-posts":[],"jetpack_shortlink":"https:\/\/wp.me\/p7Eq1F-2CS","jetpack_sharing_enabled":true,"jetpack_featured_media_url":"https:\/\/i0.wp.com\/guialimeira.com.br\/news\/wp-content\/uploads\/2024\/07\/raf07029.jpg?fit=1600%2C800&ssl=1","_links":{"self":[{"href":"https:\/\/guialimeira.com.br\/news\/wp-json\/wp\/v2\/posts\/10098","targetHints":{"allow":["GET"]}}],"collection":[{"href":"https:\/\/guialimeira.com.br\/news\/wp-json\/wp\/v2\/posts"}],"about":[{"href":"https:\/\/guialimeira.com.br\/news\/wp-json\/wp\/v2\/types\/post"}],"author":[{"embeddable":true,"href":"https:\/\/guialimeira.com.br\/news\/wp-json\/wp\/v2\/users\/1"}],"replies":[{"embeddable":true,"href":"https:\/\/guialimeira.com.br\/news\/wp-json\/wp\/v2\/comments?post=10098"}],"version-history":[{"count":0,"href":"https:\/\/guialimeira.com.br\/news\/wp-json\/wp\/v2\/posts\/10098\/revisions"}],"wp:featuredmedia":[{"embeddable":true,"href":"https:\/\/guialimeira.com.br\/news\/wp-json\/wp\/v2\/media\/10099"}],"wp:attachment":[{"href":"https:\/\/guialimeira.com.br\/news\/wp-json\/wp\/v2\/media?parent=10098"}],"wp:term":[{"taxonomy":"category","embeddable":true,"href":"https:\/\/guialimeira.com.br\/news\/wp-json\/wp\/v2\/categories?post=10098"},{"taxonomy":"post_tag","embeddable":true,"href":"https:\/\/guialimeira.com.br\/news\/wp-json\/wp\/v2\/tags?post=10098"}],"curies":[{"name":"wp","href":"https:\/\/api.w.org\/{rel}","templated":true}]}}