{"id":10076,"date":"2024-07-10T14:57:12","date_gmt":"2024-07-10T17:57:12","guid":{"rendered":"https:\/\/guialimeira.com.br\/2024\/07\/10\/philippe-coutinho-volta-a-defender-o-vasco-apos-14-anos-no-exterior\/"},"modified":"2024-07-10T14:57:12","modified_gmt":"2024-07-10T17:57:12","slug":"philippe-coutinho-volta-a-defender-o-vasco-apos-14-anos-no-exterior","status":"publish","type":"post","link":"https:\/\/guialimeira.com.br\/news\/philippe-coutinho-volta-a-defender-o-vasco-apos-14-anos-no-exterior\/","title":{"rendered":"Philippe Coutinho volta a defender o Vasco, ap\u00f3s 14 anos no exterior"},"content":{"rendered":"<p> <br \/>\n<\/p>\n<div>\n<p>O meia-atacante Philippe Coutinho est\u00e1 de volta ao Vasco da Gama, clube que o revelou nas categorias de base. O contrato de um ano com o jogador foi anunciado nesta quarta-feira (10) pelo Cruzmaltino. Ele chega ao clube emprestado pelo Aston Villa (Inglaterra), ap\u00f3s 14 anos jogando no exterior. A expectativa \u00e9 que o\u00a0atleta esteja regularizado (inscrito na CBF) a tempo de enfrentar o Atl\u00e9tico-GO fora de casa, na pr\u00f3xima quarta (17), pela 17\u00aa rodada do Campeonato Brasileiro.\u00a0<img data-recalc-dims=\"1\" decoding=\"async\" src=\"https:\/\/i0.wp.com\/agenciabrasil.ebc.com.br\/ebc.png?w=696&#038;ssl=1\" style=\"width:1px; height:1px; display:inline;\"\/><img data-recalc-dims=\"1\" decoding=\"async\" src=\"https:\/\/i0.wp.com\/agenciabrasil.ebc.com.br\/ebc.gif?w=696&#038;ssl=1\" style=\"width:1px; height:1px; display:inline;\"\/><\/p>\n<blockquote>\n<p>\u201c\u00c9 um sentimento de muita felicidade, alegria e ansiedade. Vivi muito tempo fora, ent\u00e3o realmente \u00e9 um sentimento de estar voltando pra casa, para o lugar onde fui criado, para o lugar que eu amo, o clube que eu amo. Todo mundo sabe, minha fam\u00edlia, o quanto eu estou feliz e eles todos est\u00e3o felizes por essa volta\u201d, disse o meia, de 32 anos.<\/p>\n<\/blockquote>\n<blockquote class=\"twitter-tweet\">\n<p dir=\"ltr\" lang=\"pt\" xml:lang=\"pt\">\ud83e\ude84\ud83c\udfa9 TODO MUNDO J\u00c1 SABE.<\/p>\n<p>O M\u00c1GICO VOLTOU.<\/p>\n<p>COUTINHO \u00c9 VASCO! \ud83d\udca2<a href=\"https:\/\/twitter.com\/hashtag\/Coutinho%C3%89Vasco?src=hash&amp;ref_src=twsrc%5Etfw\" rel=\"noopener\">#Coutinho\u00c9Vasco<\/a><a href=\"https:\/\/twitter.com\/hashtag\/VascoDaGama?src=hash&amp;ref_src=twsrc%5Etfw\" rel=\"noopener\">#VascoDaGama<\/a> <a href=\"https:\/\/t.co\/ksWaOFAcxT\">pic.twitter.com\/ksWaOFAcxT<\/a><\/p>\n<p>\u2014 Vasco da Gama (@VascodaGama) <a href=\"https:\/\/twitter.com\/VascodaGama\/status\/1811040467766616404?ref_src=twsrc%5Etfw\" rel=\"noopener\">July 10, 2024<\/a><\/p><\/blockquote>\n<p>\u00cddolo do Vasco, Coutinho chegou ao clube aos sete anos, em 1999. Durante os 10 anos seguintes, o meia defendeu o Cruzmaltino e a amarelinha, j\u00e1 que foi convocados para todas as categorias de base da sele\u00e7\u00e3o brasileira. Estreou no time profissional em 2009 e atuou pela\u00a0sele\u00e7\u00e3o brasileira\u00a0principal campe\u00e3 Copa Am\u00e9rica, na \u00c1frica do Sul. No ano seguinte, o meia vasca\u00edno marcou cinco gols em 43 jogos. Meses depois, em junho de 2010, Coutinho deixou o Brasil contratado pelo Internazionale (It\u00e1lia). Passou ainda pelo Espanyol (Espanha) antes de viver o auge da carreira no Liverpool (Inglaterra), Barcelona (Espanha) e Bayern de Munique (Alemanha).\u00a0<\/p>\n<p>Coutinho tamb\u00e9m fez parte da sele\u00e7\u00e3o\u00a0que\u00a0disputou a Copa do Mundo de 2018,\u00a0na R\u00fassia. Em 2022, o brasileiro voltou \u00e0 Inglaterra, para defender o Aston Villa.\u00a0 Antes de assinar como Vasco, Coutinho estava emprestado ao Al-Duhail (Catar), onde permaneceu no \u00faltimo ano.<\/p>\n<\/p><\/div>\n<p><script async src=\"\/\/platform.twitter.com\/widgets.js\" charset=\"utf-8\"><\/script><br \/>\n<br \/><br \/>\n<br \/><a href=\"https:\/\/agenciabrasil.ebc.com.br\/esportes\/noticia\/2024-07\/philippe-coutinho-volta-defender-o-vasco-apos-14-anos-no-exterior\" rel=\"noopener\">Ag\u00eancia Brasil<\/a><\/p>\n","protected":false},"excerpt":{"rendered":"<p>O meia-atacante Philippe Coutinho est\u00e1 de volta ao Vasco da Gama, clube que o revelou nas categorias de base. O contrato de um ano com o jogador foi anunciado nesta quarta-feira (10) pelo Cruzmaltino. Ele chega ao clube emprestado pelo Aston Villa (Inglaterra), ap\u00f3s 14 anos jogando no exterior. A expectativa \u00e9 que o\u00a0atleta esteja [&hellip;]<\/p>\n","protected":false},"author":1,"featured_media":10077,"comment_status":"open","ping_status":"open","sticky":false,"template":"","format":"standard","meta":{"_jetpack_newsletter_access":"","_jetpack_dont_email_post_to_subs":false,"_jetpack_newsletter_tier_id":0,"_jetpack_memberships_contains_paywalled_content":false,"_mbp_banners":[],"_jetpack_feature_clip_id":0,"_jetpack_memberships_contains_paid_content":false,"footnotes":"","jetpack_publicize_message":"","jetpack_publicize_feature_enabled":true,"jetpack_social_post_already_shared":true,"jetpack_social_options":{"image_generator_settings":{"template":"highway","default_image_id":0,"font":"","enabled":false},"version":2},"jetpack_post_was_ever_published":false},"categories":[23],"tags":[],"class_list":["post-10076","post","type-post","status-publish","format-standard","has-post-thumbnail","category-esportes"],"jetpack_publicize_connections":[],"jetpack-related-posts":[],"jetpack_shortlink":"https:\/\/wp.me\/p7Eq1F-2Cw","jetpack_sharing_enabled":true,"jetpack_featured_media_url":"https:\/\/i0.wp.com\/guialimeira.com.br\/news\/wp-content\/uploads\/2024\/07\/coutinho_vasco_foto_2.jpg?fit=1600%2C800&ssl=1","_links":{"self":[{"href":"https:\/\/guialimeira.com.br\/news\/wp-json\/wp\/v2\/posts\/10076","targetHints":{"allow":["GET"]}}],"collection":[{"href":"https:\/\/guialimeira.com.br\/news\/wp-json\/wp\/v2\/posts"}],"about":[{"href":"https:\/\/guialimeira.com.br\/news\/wp-json\/wp\/v2\/types\/post"}],"author":[{"embeddable":true,"href":"https:\/\/guialimeira.com.br\/news\/wp-json\/wp\/v2\/users\/1"}],"replies":[{"embeddable":true,"href":"https:\/\/guialimeira.com.br\/news\/wp-json\/wp\/v2\/comments?post=10076"}],"version-history":[{"count":0,"href":"https:\/\/guialimeira.com.br\/news\/wp-json\/wp\/v2\/posts\/10076\/revisions"}],"wp:featuredmedia":[{"embeddable":true,"href":"https:\/\/guialimeira.com.br\/news\/wp-json\/wp\/v2\/media\/10077"}],"wp:attachment":[{"href":"https:\/\/guialimeira.com.br\/news\/wp-json\/wp\/v2\/media?parent=10076"}],"wp:term":[{"taxonomy":"category","embeddable":true,"href":"https:\/\/guialimeira.com.br\/news\/wp-json\/wp\/v2\/categories?post=10076"},{"taxonomy":"post_tag","embeddable":true,"href":"https:\/\/guialimeira.com.br\/news\/wp-json\/wp\/v2\/tags?post=10076"}],"curies":[{"name":"wp","href":"https:\/\/api.w.org\/{rel}","templated":true}]}}