{"id":10071,"date":"2024-07-10T13:54:15","date_gmt":"2024-07-10T16:54:15","guid":{"rendered":"https:\/\/guialimeira.com.br\/2024\/07\/10\/inflacao-cai-para-021-em-junho-deste-ano-diz-ibge\/"},"modified":"2024-07-10T13:54:15","modified_gmt":"2024-07-10T16:54:15","slug":"inflacao-cai-para-021-em-junho-deste-ano-diz-ibge","status":"publish","type":"post","link":"https:\/\/guialimeira.com.br\/news\/inflacao-cai-para-021-em-junho-deste-ano-diz-ibge\/","title":{"rendered":"Infla\u00e7\u00e3o cai para 0,21% em junho deste ano, diz IBGE"},"content":{"rendered":"<p> <br \/>\n<\/p>\n<div>\n<p>O \u00cdndice Nacional de Pre\u00e7os ao Consumidor Amplo (IPCA), que mede a infla\u00e7\u00e3o oficial, registrou taxa de 0,21% em junho deste ano. A taxa \u00e9 inferior \u00e0 observada em maio (0,46%) mas superior \u00e0 observada em junho do ano passado, quando foi registrada uma defla\u00e7\u00e3o (queda de pre\u00e7os) de 0,08%. A informa\u00e7\u00e3o foi divulgada hoje (10) pelo Instituto Brasileiro de Geografia e Estat\u00edstica (IBGE).<img data-recalc-dims=\"1\" decoding=\"async\" src=\"https:\/\/i0.wp.com\/agenciabrasil.ebc.com.br\/ebc.png?w=696&#038;ssl=1\" style=\"width:1px; height:1px; display:inline;\"\/><img data-recalc-dims=\"1\" decoding=\"async\" src=\"https:\/\/i0.wp.com\/agenciabrasil.ebc.com.br\/ebc.gif?w=696&#038;ssl=1\" style=\"width:1px; height:1px; display:inline;\"\/><\/p>\n<p>Com o resultado, o IPCA acumula taxa de infla\u00e7\u00e3o de 2,48% no ano de 2024 e 4,23% no acumulado de 12 meses.<\/p>\n<p>A infla\u00e7\u00e3o de junho foi influenciada principalmente pelo grupo de alimenta\u00e7\u00e3o e bebidas, que registrou alta de pre\u00e7os de 0,44% no m\u00eas, com aumento do custo de produtos como batata inglesa (14,49%), leite longa vida (7,43%), caf\u00e9 mo\u00eddo (3,03%) e arroz (2,25%).<\/p>\n<p>O grupo sa\u00fade e cuidados pessoais teve alta de 0,54% no m\u00eas e apresentou o segundo principal impacto na infla\u00e7\u00e3o oficial em junho. Entre os itens que influenciaram o resultado est\u00e3o os perfumes, com alta de pre\u00e7os de 1,69% no m\u00eas.<\/p>\n<p>Por outro lado, os transportes evitaram uma infla\u00e7\u00e3o maior, ao registrar uma defla\u00e7\u00e3o de 0,19% no m\u00eas, resultado puxado pelas quedas de pre\u00e7os de passagens a\u00e9reas (-9,88%), \u00f3leo diesel (-0,64%) e g\u00e1s veicular (-0,61%).<\/p>\n<p>Os demais grupos de despesas apresentaram as seguintes taxas: despesas pessoais (0,29%), habita\u00e7\u00e3o (0,25%), artigos de resid\u00eancia (0,19%), educa\u00e7\u00e3o (0,06%), vestu\u00e1rio (0,02%) e comunica\u00e7\u00e3o (-0,08%).<\/p>\n<p>\u00a0<\/p>\n<\/p><\/div>\n<p><br \/>\n<br \/><a href=\"https:\/\/agenciabrasil.ebc.com.br\/economia\/noticia\/2024-07\/inflacao-cai-para-021-em-junho-deste-ano-diz-ibge\" rel=\"noopener\">Ag\u00eancia Brasil<\/a><\/p>\n","protected":false},"excerpt":{"rendered":"<p>O \u00cdndice Nacional de Pre\u00e7os ao Consumidor Amplo (IPCA), que mede a infla\u00e7\u00e3o oficial, registrou taxa de 0,21% em junho deste ano. A taxa \u00e9 inferior \u00e0 observada em maio (0,46%) mas superior \u00e0 observada em junho do ano passado, quando foi registrada uma defla\u00e7\u00e3o (queda de pre\u00e7os) de 0,08%. A informa\u00e7\u00e3o foi divulgada hoje [&hellip;]<\/p>\n","protected":false},"author":1,"featured_media":2771,"comment_status":"open","ping_status":"open","sticky":false,"template":"","format":"standard","meta":{"_jetpack_newsletter_access":"","_jetpack_dont_email_post_to_subs":false,"_jetpack_newsletter_tier_id":0,"_jetpack_memberships_contains_paywalled_content":false,"_mbp_banners":[],"_jetpack_feature_clip_id":0,"_jetpack_memberships_contains_paid_content":false,"footnotes":"","jetpack_publicize_message":"","jetpack_publicize_feature_enabled":true,"jetpack_social_post_already_shared":true,"jetpack_social_options":{"image_generator_settings":{"template":"highway","default_image_id":0,"font":"","enabled":false},"version":2},"jetpack_post_was_ever_published":false},"categories":[24],"tags":[],"class_list":["post-10071","post","type-post","status-publish","format-standard","has-post-thumbnail","category-economia"],"jetpack_publicize_connections":[],"jetpack-related-posts":[],"jetpack_shortlink":"https:\/\/wp.me\/p7Eq1F-2Cr","jetpack_sharing_enabled":true,"jetpack_featured_media_url":"https:\/\/i0.wp.com\/guialimeira.com.br\/news\/wp-content\/uploads\/2024\/04\/20200330_agb_produtos13.jpg?fit=1600%2C800&ssl=1","_links":{"self":[{"href":"https:\/\/guialimeira.com.br\/news\/wp-json\/wp\/v2\/posts\/10071","targetHints":{"allow":["GET"]}}],"collection":[{"href":"https:\/\/guialimeira.com.br\/news\/wp-json\/wp\/v2\/posts"}],"about":[{"href":"https:\/\/guialimeira.com.br\/news\/wp-json\/wp\/v2\/types\/post"}],"author":[{"embeddable":true,"href":"https:\/\/guialimeira.com.br\/news\/wp-json\/wp\/v2\/users\/1"}],"replies":[{"embeddable":true,"href":"https:\/\/guialimeira.com.br\/news\/wp-json\/wp\/v2\/comments?post=10071"}],"version-history":[{"count":0,"href":"https:\/\/guialimeira.com.br\/news\/wp-json\/wp\/v2\/posts\/10071\/revisions"}],"wp:featuredmedia":[{"embeddable":true,"href":"https:\/\/guialimeira.com.br\/news\/wp-json\/wp\/v2\/media\/2771"}],"wp:attachment":[{"href":"https:\/\/guialimeira.com.br\/news\/wp-json\/wp\/v2\/media?parent=10071"}],"wp:term":[{"taxonomy":"category","embeddable":true,"href":"https:\/\/guialimeira.com.br\/news\/wp-json\/wp\/v2\/categories?post=10071"},{"taxonomy":"post_tag","embeddable":true,"href":"https:\/\/guialimeira.com.br\/news\/wp-json\/wp\/v2\/tags?post=10071"}],"curies":[{"name":"wp","href":"https:\/\/api.w.org\/{rel}","templated":true}]}}