{"id":10066,"date":"2024-07-10T12:53:18","date_gmt":"2024-07-10T15:53:18","guid":{"rendered":"https:\/\/guialimeira.com.br\/2024\/07\/10\/ibge-normaliza-coleta-de-precos-para-calculo-da-inflacao-no-rs\/"},"modified":"2024-07-10T12:53:18","modified_gmt":"2024-07-10T15:53:18","slug":"ibge-normaliza-coleta-de-precos-para-calculo-da-inflacao-no-rs","status":"publish","type":"post","link":"https:\/\/guialimeira.com.br\/news\/ibge-normaliza-coleta-de-precos-para-calculo-da-inflacao-no-rs\/","title":{"rendered":"IBGE normaliza coleta de pre\u00e7os para c\u00e1lculo da infla\u00e7\u00e3o no RS"},"content":{"rendered":"<p> <br \/>\n<\/p>\n<div>\n<p>O Instituto Brasileiro de Geografia e Estat\u00edstica (IBGE) j\u00e1 normalizou seus procedimentos de coleta de pre\u00e7os no Rio Grande do Sul. O levantamento de pre\u00e7os \u00e9 usado para calcular as taxas de infla\u00e7\u00e3o, entre elas o \u00cdndice Nacional de Pre\u00e7os ao Consumidor Amplo (IPCA), o indicador oficial do pa\u00eds.<img data-recalc-dims=\"1\" decoding=\"async\" src=\"https:\/\/i0.wp.com\/agenciabrasil.ebc.com.br\/ebc.png?w=696&#038;ssl=1\" style=\"width:1px; height:1px; display:inline;\"\/><img data-recalc-dims=\"1\" decoding=\"async\" src=\"https:\/\/i0.wp.com\/agenciabrasil.ebc.com.br\/ebc.gif?w=696&#038;ssl=1\" style=\"width:1px; height:1px; display:inline;\"\/><\/p>\n<p>Segundo o respons\u00e1vel pela equipe que calcula o IPCA, o pesquisador Andr\u00e9 Almeida, a normaliza\u00e7\u00e3o ocorreu na segunda quinzena de junho.<\/p>\n<p>A coleta de pre\u00e7os envolve levantamentos presenciais e remotos de valores cobrados pelos varejistas e pelos prestadores de servi\u00e7os nas principais regi\u00f5es metropolitanas e capitais do pa\u00eds, entre elas a regi\u00e3o metropolitana de Porto Alegre.<\/p>\n<p>A maior parte dos pre\u00e7os, cerca de 80% a 85%, \u00e9 coletada com visitas presenciais dos pesquisadores aos estabelecimentos comerciais, enquanto a coleta remota (internet ou telefone) responde por apenas 15% a 20% da amostra.<\/p>\n<p>Devido \u00e0s enchentes que atingiram o Rio Grande do Sul, a partir do fim de abril, o IBGE teve que reduzir suas coletas presenciais. \u201cEm maio, a gente teve que intensificar a coleta remota por conta da situa\u00e7\u00e3o de calamidade vivida no estado. Na regi\u00e3o metropolitana de Porto Alegre, a modalidade remota chegou a 65%\u201d, destacou Almeida.<\/p>\n<p>Segundo ele, no in\u00edcio de junho, a coleta remota voltou a ser reduzida, situando-se em torno de 30% do levantamento. Na segunda quinzena do m\u00eas, a coleta j\u00e1 havia voltado aos 20%, percentual considerado normal.<\/p>\n<p>Al\u00e9m de ter normalizado a coleta, Porto Alegre registrou defla\u00e7\u00e3o (queda de pre\u00e7os) em junho: -0,14%. Esse foi o menor \u00edndice entre as 16 capitais e regi\u00f5es metropolitanas pesquisadas pelo IBGE. No m\u00eas, o IPCA registrou, em m\u00e9dia, uma infla\u00e7\u00e3o de 0,21%.<\/p>\n<p>Em maio, a regi\u00e3o metropolitana da capital ga\u00facha, havia registrado infla\u00e7\u00e3o de 0,87%, a maior entre as 16 \u00e1reas pesquisadas e quase o dobro da m\u00e9dia do IPCA nacional (0,46%).<\/p>\n<p>Os alimentos, que em maio, haviam aumentado 2,63%, em junho, tiveram queda de pre\u00e7os de 0,52%. \u201cOs pre\u00e7os continuam mais altos do que aqueles antes da calamidade, por\u00e9m a gente teve uma leve redu\u00e7\u00e3o desses pre\u00e7os.\u201d<\/p>\n<\/p><\/div>\n<p><br \/>\n<br \/><a href=\"https:\/\/agenciabrasil.ebc.com.br\/economia\/noticia\/2024-07\/ibge-normaliza-coleta-de-precos-para-calculo-da-inflacao-no-rs\" rel=\"noopener\">Ag\u00eancia Brasil<\/a><\/p>\n","protected":false},"excerpt":{"rendered":"<p>O Instituto Brasileiro de Geografia e Estat\u00edstica (IBGE) j\u00e1 normalizou seus procedimentos de coleta de pre\u00e7os no Rio Grande do Sul. O levantamento de pre\u00e7os \u00e9 usado para calcular as taxas de infla\u00e7\u00e3o, entre elas o \u00cdndice Nacional de Pre\u00e7os ao Consumidor Amplo (IPCA), o indicador oficial do pa\u00eds. Segundo o respons\u00e1vel pela equipe que [&hellip;]<\/p>\n","protected":false},"author":1,"featured_media":10067,"comment_status":"open","ping_status":"open","sticky":false,"template":"","format":"standard","meta":{"_jetpack_newsletter_access":"","_jetpack_dont_email_post_to_subs":false,"_jetpack_newsletter_tier_id":0,"_jetpack_memberships_contains_paywalled_content":false,"_mbp_banners":[],"_jetpack_feature_clip_id":0,"_jetpack_memberships_contains_paid_content":false,"footnotes":"","jetpack_publicize_message":"","jetpack_publicize_feature_enabled":true,"jetpack_social_post_already_shared":true,"jetpack_social_options":{"image_generator_settings":{"template":"highway","default_image_id":0,"font":"","enabled":false},"version":2},"jetpack_post_was_ever_published":false},"categories":[24],"tags":[],"class_list":["post-10066","post","type-post","status-publish","format-standard","has-post-thumbnail","category-economia"],"jetpack_publicize_connections":[],"jetpack-related-posts":[],"jetpack_shortlink":"https:\/\/wp.me\/p7Eq1F-2Cm","jetpack_sharing_enabled":true,"jetpack_featured_media_url":"https:\/\/i0.wp.com\/guialimeira.com.br\/news\/wp-content\/uploads\/2024\/07\/desabastecimento_em_sao_paulo1402200324.jpg?fit=1600%2C800&ssl=1","_links":{"self":[{"href":"https:\/\/guialimeira.com.br\/news\/wp-json\/wp\/v2\/posts\/10066","targetHints":{"allow":["GET"]}}],"collection":[{"href":"https:\/\/guialimeira.com.br\/news\/wp-json\/wp\/v2\/posts"}],"about":[{"href":"https:\/\/guialimeira.com.br\/news\/wp-json\/wp\/v2\/types\/post"}],"author":[{"embeddable":true,"href":"https:\/\/guialimeira.com.br\/news\/wp-json\/wp\/v2\/users\/1"}],"replies":[{"embeddable":true,"href":"https:\/\/guialimeira.com.br\/news\/wp-json\/wp\/v2\/comments?post=10066"}],"version-history":[{"count":0,"href":"https:\/\/guialimeira.com.br\/news\/wp-json\/wp\/v2\/posts\/10066\/revisions"}],"wp:featuredmedia":[{"embeddable":true,"href":"https:\/\/guialimeira.com.br\/news\/wp-json\/wp\/v2\/media\/10067"}],"wp:attachment":[{"href":"https:\/\/guialimeira.com.br\/news\/wp-json\/wp\/v2\/media?parent=10066"}],"wp:term":[{"taxonomy":"category","embeddable":true,"href":"https:\/\/guialimeira.com.br\/news\/wp-json\/wp\/v2\/categories?post=10066"},{"taxonomy":"post_tag","embeddable":true,"href":"https:\/\/guialimeira.com.br\/news\/wp-json\/wp\/v2\/tags?post=10066"}],"curies":[{"name":"wp","href":"https:\/\/api.w.org\/{rel}","templated":true}]}}