{"id":10053,"date":"2024-07-10T10:51:19","date_gmt":"2024-07-10T13:51:19","guid":{"rendered":"https:\/\/guialimeira.com.br\/2024\/07\/10\/inpc-fica-em-025-em-junho-acima-da-inflacao-oficial\/"},"modified":"2024-07-10T10:51:19","modified_gmt":"2024-07-10T13:51:19","slug":"inpc-fica-em-025-em-junho-acima-da-inflacao-oficial","status":"publish","type":"post","link":"https:\/\/guialimeira.com.br\/news\/inpc-fica-em-025-em-junho-acima-da-inflacao-oficial\/","title":{"rendered":"INPC fica em 0,25% em junho, acima da infla\u00e7\u00e3o oficial"},"content":{"rendered":"<p> <br \/>\n<\/p>\n<div>\n<p>O \u00cdndice Nacional de Pre\u00e7os ao Consumidor (INPC), que mede a infla\u00e7\u00e3o para fam\u00edlias com renda entre um e cinco sal\u00e1rios m\u00ednimos, registrou taxa de 0,25% em junho deste ano. O \u00edndice de junho ficou abaixo do observado em maio (0,46%), segundo o Instituto Brasileiro de Geografia e Estat\u00edstica (IBGE).<img data-recalc-dims=\"1\" decoding=\"async\" src=\"https:\/\/i0.wp.com\/agenciabrasil.ebc.com.br\/ebc.png?w=696&#038;ssl=1\" style=\"width:1px; height:1px; display:inline;\"\/><img data-recalc-dims=\"1\" decoding=\"async\" src=\"https:\/\/i0.wp.com\/agenciabrasil.ebc.com.br\/ebc.gif?w=696&#038;ssl=1\" style=\"width:1px; height:1px; display:inline;\"\/><\/p>\n<p>Apesar do recuo em rela\u00e7\u00e3o a maio, o INPC registrou, em junho, uma taxa mensal superior \u00e0 observada pelo \u00cdndice Nacional de Pre\u00e7os ao Consumidor Amplo (IPCA), que mede a infla\u00e7\u00e3o oficial e que ficou em 0,21% no m\u00eas.<\/p>\n<p>O INPC acumula taxas de infla\u00e7\u00e3o de 2,68% no ano e de 3,70% em 12 meses, de acordo com o IBGE.<\/p>\n<p>Os produtos aliment\u00edcios tiveram alta de pre\u00e7os de 0,44% em junho, um aumento menos intenso do que o apurado em maio (0,64%). Os n\u00e3o aliment\u00edcios passaram de uma infla\u00e7\u00e3o de 0,40% em maio para 0,19% em junho.<\/p>\n<p>\u00a0<\/p>\n<\/p><\/div>\n<p><br \/>\n<br \/><a href=\"https:\/\/agenciabrasil.ebc.com.br\/economia\/noticia\/2024-07\/inpc-fica-em-025-em-junho-acima-da-inflacao-oficial\" rel=\"noopener\">Ag\u00eancia Brasil<\/a><\/p>\n","protected":false},"excerpt":{"rendered":"<p>O \u00cdndice Nacional de Pre\u00e7os ao Consumidor (INPC), que mede a infla\u00e7\u00e3o para fam\u00edlias com renda entre um e cinco sal\u00e1rios m\u00ednimos, registrou taxa de 0,25% em junho deste ano. O \u00edndice de junho ficou abaixo do observado em maio (0,46%), segundo o Instituto Brasileiro de Geografia e Estat\u00edstica (IBGE). Apesar do recuo em rela\u00e7\u00e3o [&hellip;]<\/p>\n","protected":false},"author":1,"featured_media":1357,"comment_status":"open","ping_status":"open","sticky":false,"template":"","format":"standard","meta":{"_jetpack_newsletter_access":"","_jetpack_dont_email_post_to_subs":false,"_jetpack_newsletter_tier_id":0,"_jetpack_memberships_contains_paywalled_content":false,"_mbp_banners":[],"_jetpack_feature_clip_id":0,"_jetpack_memberships_contains_paid_content":false,"footnotes":"","jetpack_publicize_message":"","jetpack_publicize_feature_enabled":true,"jetpack_social_post_already_shared":true,"jetpack_social_options":{"image_generator_settings":{"template":"highway","default_image_id":0,"font":"","enabled":false},"version":2},"jetpack_post_was_ever_published":false},"categories":[24],"tags":[],"class_list":["post-10053","post","type-post","status-publish","format-standard","has-post-thumbnail","category-economia"],"jetpack_publicize_connections":[],"jetpack-related-posts":[],"jetpack_shortlink":"https:\/\/wp.me\/p7Eq1F-2C9","jetpack_sharing_enabled":true,"jetpack_featured_media_url":"https:\/\/i0.wp.com\/guialimeira.com.br\/news\/wp-content\/uploads\/2024\/04\/supermercado_economia_20220729_0888.jpg?fit=1600%2C800&ssl=1","_links":{"self":[{"href":"https:\/\/guialimeira.com.br\/news\/wp-json\/wp\/v2\/posts\/10053","targetHints":{"allow":["GET"]}}],"collection":[{"href":"https:\/\/guialimeira.com.br\/news\/wp-json\/wp\/v2\/posts"}],"about":[{"href":"https:\/\/guialimeira.com.br\/news\/wp-json\/wp\/v2\/types\/post"}],"author":[{"embeddable":true,"href":"https:\/\/guialimeira.com.br\/news\/wp-json\/wp\/v2\/users\/1"}],"replies":[{"embeddable":true,"href":"https:\/\/guialimeira.com.br\/news\/wp-json\/wp\/v2\/comments?post=10053"}],"version-history":[{"count":0,"href":"https:\/\/guialimeira.com.br\/news\/wp-json\/wp\/v2\/posts\/10053\/revisions"}],"wp:featuredmedia":[{"embeddable":true,"href":"https:\/\/guialimeira.com.br\/news\/wp-json\/wp\/v2\/media\/1357"}],"wp:attachment":[{"href":"https:\/\/guialimeira.com.br\/news\/wp-json\/wp\/v2\/media?parent=10053"}],"wp:term":[{"taxonomy":"category","embeddable":true,"href":"https:\/\/guialimeira.com.br\/news\/wp-json\/wp\/v2\/categories?post=10053"},{"taxonomy":"post_tag","embeddable":true,"href":"https:\/\/guialimeira.com.br\/news\/wp-json\/wp\/v2\/tags?post=10053"}],"curies":[{"name":"wp","href":"https:\/\/api.w.org\/{rel}","templated":true}]}}