{"id":1004,"date":"2024-04-05T00:26:50","date_gmt":"2024-04-05T03:26:50","guid":{"rendered":"https:\/\/guialimeira.com.br\/2024\/04\/05\/poeira-decorrente-da-tragedia-em-brumadinho-afeta-saude-de-criancas\/"},"modified":"2024-04-05T00:26:50","modified_gmt":"2024-04-05T03:26:50","slug":"poeira-decorrente-da-tragedia-em-brumadinho-afeta-saude-de-criancas","status":"publish","type":"post","link":"https:\/\/guialimeira.com.br\/news\/poeira-decorrente-da-tragedia-em-brumadinho-afeta-saude-de-criancas\/","title":{"rendered":"Poeira decorrente da trag\u00e9dia em Brumadinho afeta sa\u00fade de crian\u00e7as"},"content":{"rendered":"<p> <br \/>\n<\/p>\n<div>\n<p>A poeira presente nas \u00e1reas de Brumadinho atingidas pelo rompimento de uma barragem da mineradora Vale trouxe impactos para a sa\u00fade das crian\u00e7as, diz \u00a0estudo produzido por pesquisadores da Universidade Federal do Rio de Janeiro (UFRJ) e da Funda\u00e7\u00e3o Oswaldo Cruz (Fiocruz). O trabalho \u00e9 parte do Projeto Bruminha, criado para avaliar a sa\u00fade das crian\u00e7as com idade at\u00e9 6 anos nas comunidades impactadas ao longo de um per\u00edodo de quatro anos, entre 2021 e 2024.<img data-recalc-dims=\"1\" decoding=\"async\" src=\"https:\/\/i0.wp.com\/agenciabrasil.ebc.com.br\/ebc.png?w=696&#038;ssl=1\" style=\"width:1px; height:1px; display:inline;\"\/><img data-recalc-dims=\"1\" decoding=\"async\" src=\"https:\/\/i0.wp.com\/agenciabrasil.ebc.com.br\/ebc.gif?w=696&#038;ssl=1\" style=\"width:1px; height:1px; display:inline;\"\/><\/p>\n<p>Nas \u00e1reas atingidas pela trag\u00e9dia, houve 75% mais relatos de alergia respirat\u00f3ria em compara\u00e7\u00e3o com uma localidade n\u00e3o afetada. Al\u00e9m disso, o estudo mostra que as crian\u00e7as das comunidades expostas \u00e0 poeira decorrente do rompimento de barragem apresentaram tr\u00eas vezes mais chance de desenvolver alergia respirat\u00f3ria do que as demais. Os resultados constam de artigo rec\u00e9m-publicado nos <em>Cadernos de Sa\u00fade P\u00fablica<\/em>, revista cient\u00edfica da Escola Nacional de Sa\u00fade P\u00fablica da Fiocruz.<\/p>\n<p>A faixa et\u00e1ria acima de 4 anos foi a que mais apresentou problemas de sa\u00fade envolvendo alergias respirat\u00f3rias e comprometimento das vias a\u00e9reas superiores e inferiores. De acordo com os pesquisadores, crian\u00e7as nessa idade tendem a ter mais acesso a ambientes externos, o que resulta em maior exposi\u00e7\u00e3o \u00e0 poeira. Nesse grupo, 68,3% tiveram rinite, sinusite ou otite; 72,2% desenvolveram pneumonia, asma, sibilos ou bronquite, al\u00e9m de 59,4% terem se queixado de alergias.<\/p>\n<p>Ainda conforme os dados da pesquisa, problemas envolvendo as crian\u00e7as do sexo masculino foram relatados com mais frequ\u00eancia. &#8220;Podem estar associados a caracter\u00edsticas culturais dos territ\u00f3rios, que determinam maior acesso dos meninos aos espa\u00e7os externos e comunit\u00e1rios, por meio de jogos coletivos nas quadras de escolas e associa\u00e7\u00f5es, pra\u00e7as e campos de futebol&#8221;, registra o artigo.<\/p>\n<p>A trag\u00e9dia no munic\u00edpio mineiro ocorreu em 25 de janeiro de 2019. O rompimento da barragem liberou uma avalanche de rejeitos que gerou grandes impactos nos munic\u00edpios da bacia do Rio Paraopeba. Ao todo, foram perdidas 272 vidas, incluindo nessa conta dois beb\u00eas de mulheres que estavam gr\u00e1vidas.<\/p>\n<p>Em fevereiro de 2021, acordo de repara\u00e7\u00e3o foi firmado entre a Vale, o governo estadual, o Minist\u00e9rio P\u00fablico de Minas Gerais, o Minist\u00e9rio P\u00fablico Federal e a Defensoria P\u00fablica do estado. A Vale se comprometeu com aportes que somam R$ 37,68 bilh\u00f5es, incluindo investimentos socioecon\u00f4micos, a\u00e7\u00f5es de recupera\u00e7\u00e3o socioambiental, a\u00e7\u00f5es voltadas para garantir a seguran\u00e7a h\u00eddrica, melhorias dos servi\u00e7os p\u00fablicos e obras de mobilidade urbana, entre outras.<\/p>\n<p>Em janeiro deste ano, popula\u00e7\u00f5es atingidas realizaram um ato para marcar os cinco anos de trag\u00e9dia e <a href=\"https:\/\/agenciabrasil.ebc.com.br\/geral\/noticia\/2024-01\/apos-5-anos-ato-em-brumadinho-homenageia-vitimas-e-critica-acordo\" target=\"_blank\" title=\"https:\/\/agenciabrasil.ebc.com.br\/geral\/noticia\/2024-01\/apos-5-anos-ato-em-brumadinho-homenageia-vitimas-e-critica-acordo\" rel=\"noopener\">criticaram o processo reparat\u00f3rio<\/a><strong>.<\/strong><\/p>\n<p>Quest\u00f5es de sa\u00fade ainda devem demandar recursos adicionais. Est\u00e3o em andamento os Estudos de Risco \u00e0 Sa\u00fade Humana e Risco Ecol\u00f3gico, sob responsabilidade do Grupo EPA e custeio da Vale, tal como definido em decis\u00e3o judicial. O trabalho trar\u00e1 conclus\u00f5es sobre a sa\u00fade humana, a fauna e a flora e embasar\u00e1 o julgamento dessas quest\u00f5es. Medidas estabelecidas com base em achados da pesquisa dever\u00e3o ser asseguradas pela mineradora com novos aportes, n\u00e3o sendo descontados dos R$ 37,68 bilh\u00f5es fixados pelo acordo.<\/p>\n<p>Segundo os pesquisadores da UFRJ e da Fiocruz, os novos resultados obtidos por meio do Projeto Bruminha fornecem subs\u00eddios para fixar a\u00e7\u00f5es de assist\u00eancia desenvolvidas no \u00e2mbito do Sistema \u00danico de Sa\u00fade (SUS).<\/p>\n<p>O estudo foi realizado em tr\u00eas comunidades: C\u00f3rrego do Feij\u00e3o, Parque da Cachoeira e Tejuco. Para compara\u00e7\u00e3o, tamb\u00e9m foram coletados dados na comunidade de Aranha, tamb\u00e9m impactada na trag\u00e9dia. No total, 217 crian\u00e7as de at\u00e9 6 anos foram avaliadas. O trabalho de campo e a coleta de informa\u00e7\u00f5es ocorreu\u00a0em julho de 2021, cerca de um ano e meio ap\u00f3s a ruptura da barragem.<\/p>\n<p>O estudo levantou ainda dados sobre a rotina da popula\u00e7\u00e3o ap\u00f3s a trag\u00e9dia. De acordo com os resultados, 89,3% dos moradores de comunidades atingidas relataram limpar com mais frequ\u00eancia suas resid\u00eancias por causa da poeira. Al\u00e9m disso, 89,4% afirmaram consumir \u00e1gua mineral.<\/p>\n<\/p><\/div>\n<p><br \/>\n<br \/><a href=\"https:\/\/agenciabrasil.ebc.com.br\/justica\/noticia\/2024-04\/poeira-decorrente-da-tragedia-em-brumadinho-afeta-saude-de-criancas\" rel=\"noopener\">Ag\u00eancia Brasil<\/a><\/p>\n","protected":false},"excerpt":{"rendered":"<p>A poeira presente nas \u00e1reas de Brumadinho atingidas pelo rompimento de uma barragem da mineradora Vale trouxe impactos para a sa\u00fade das crian\u00e7as, diz \u00a0estudo produzido por pesquisadores da Universidade Federal do Rio de Janeiro (UFRJ) e da Funda\u00e7\u00e3o Oswaldo Cruz (Fiocruz). O trabalho \u00e9 parte do Projeto Bruminha, criado para avaliar a sa\u00fade das [&hellip;]<\/p>\n","protected":false},"author":1,"featured_media":1005,"comment_status":"open","ping_status":"open","sticky":false,"template":"","format":"standard","meta":{"_jetpack_newsletter_access":"","_jetpack_dont_email_post_to_subs":false,"_jetpack_newsletter_tier_id":0,"_jetpack_memberships_contains_paywalled_content":false,"_mbp_banners":[],"_jetpack_feature_clip_id":0,"_jetpack_memberships_contains_paid_content":false,"footnotes":"","jetpack_publicize_message":"","jetpack_publicize_feature_enabled":true,"jetpack_social_post_already_shared":true,"jetpack_social_options":{"image_generator_settings":{"template":"highway","default_image_id":0,"font":"","enabled":false},"version":2},"jetpack_post_was_ever_published":false},"categories":[22],"tags":[],"class_list":["post-1004","post","type-post","status-publish","format-standard","has-post-thumbnail","category-nacional"],"jetpack_publicize_connections":[],"jetpack-related-posts":[],"jetpack_shortlink":"https:\/\/wp.me\/p7Eq1F-gc","jetpack_sharing_enabled":true,"jetpack_featured_media_url":"https:\/\/i0.wp.com\/guialimeira.com.br\/news\/wp-content\/uploads\/2024\/04\/2019-01-25t215259z_1712833336_rc14ded6f0c0_rtrmadp_3_brazil-vale-sa-disaster.jpg?fit=1600%2C800&ssl=1","_links":{"self":[{"href":"https:\/\/guialimeira.com.br\/news\/wp-json\/wp\/v2\/posts\/1004","targetHints":{"allow":["GET"]}}],"collection":[{"href":"https:\/\/guialimeira.com.br\/news\/wp-json\/wp\/v2\/posts"}],"about":[{"href":"https:\/\/guialimeira.com.br\/news\/wp-json\/wp\/v2\/types\/post"}],"author":[{"embeddable":true,"href":"https:\/\/guialimeira.com.br\/news\/wp-json\/wp\/v2\/users\/1"}],"replies":[{"embeddable":true,"href":"https:\/\/guialimeira.com.br\/news\/wp-json\/wp\/v2\/comments?post=1004"}],"version-history":[{"count":0,"href":"https:\/\/guialimeira.com.br\/news\/wp-json\/wp\/v2\/posts\/1004\/revisions"}],"wp:featuredmedia":[{"embeddable":true,"href":"https:\/\/guialimeira.com.br\/news\/wp-json\/wp\/v2\/media\/1005"}],"wp:attachment":[{"href":"https:\/\/guialimeira.com.br\/news\/wp-json\/wp\/v2\/media?parent=1004"}],"wp:term":[{"taxonomy":"category","embeddable":true,"href":"https:\/\/guialimeira.com.br\/news\/wp-json\/wp\/v2\/categories?post=1004"},{"taxonomy":"post_tag","embeddable":true,"href":"https:\/\/guialimeira.com.br\/news\/wp-json\/wp\/v2\/tags?post=1004"}],"curies":[{"name":"wp","href":"https:\/\/api.w.org\/{rel}","templated":true}]}}