{"id":10030,"date":"2024-07-09T19:35:33","date_gmt":"2024-07-09T22:35:33","guid":{"rendered":"https:\/\/guialimeira.com.br\/2024\/07\/09\/dolar-cai-para-r-541-e-fecha-no-menor-nivel-em-duas-semanas\/"},"modified":"2024-07-09T19:35:33","modified_gmt":"2024-07-09T22:35:33","slug":"dolar-cai-para-r-541-e-fecha-no-menor-nivel-em-duas-semanas","status":"publish","type":"post","link":"https:\/\/guialimeira.com.br\/news\/dolar-cai-para-r-541-e-fecha-no-menor-nivel-em-duas-semanas\/","title":{"rendered":"D\u00f3lar cai para R$ 5,41 e fecha no menor n\u00edvel em duas semanas"},"content":{"rendered":"<p> <br \/>\n<\/p>\n<div>\n<p>Em um dia de poucos neg\u00f3cios por causa do feriado estadual em S\u00e3o Paulo, o d\u00f3lar teve forte queda e atingiu o menor valor em duas semanas, na contram\u00e3o do mercado internacional. A bolsa de valores subiu pela s\u00e9tima vez seguida, na maior sequ\u00eancia de altas em um ano, e superou os 127 mil pontos.<img data-recalc-dims=\"1\" decoding=\"async\" src=\"https:\/\/i0.wp.com\/agenciabrasil.ebc.com.br\/ebc.png?w=696&#038;ssl=1\" style=\"width:1px; height:1px; display:inline;\"\/><img data-recalc-dims=\"1\" decoding=\"async\" src=\"https:\/\/i0.wp.com\/agenciabrasil.ebc.com.br\/ebc.gif?w=696&#038;ssl=1\" style=\"width:1px; height:1px; display:inline;\"\/><\/p>\n<p>O d\u00f3lar comercial encerrou esta ter\u00e7a-feira (9) vendido a R$ 5,414, com recuo de R$ 0,061 (-1,12%). A cota\u00e7\u00e3o abriu est\u00e1vel, mas caiu de forma consistente, at\u00e9 fechar pr\u00f3xima da m\u00ednima do dia.<\/p>\n<p>A moeda norte-americana est\u00e1 no menor valor desde 24 de junho, quando tinha fechado em R$ 5,39. A divisa acumula queda de 3,11% em julho, mas sobe 11,59% em 2024.<\/p>\n<p>No mercado de a\u00e7\u00f5es, o dia foi marcado por ganhos. O \u00edndice Ibovespa, da B3, fechou aos 127.108 pontos, com alta de 0,44%. No maior n\u00edvel desde 21 de maio, o indicador foi beneficiado por empresas ligadas ao consumo dom\u00e9stico. Isso porque as a\u00e7\u00f5es das empresas exportadoras ca\u00edram por causa da queda do d\u00f3lar.<\/p>\n<p>A queda do d\u00f3lar ocorreu apesar da alta da moeda norte-americana no exterior. Em audi\u00eancia ao Senado norte-americano nesta ter\u00e7a, o presidente do Federal Reserve (Fed, Banco Central norte-americano), Jerome Powell, deu declara\u00e7\u00f5es interpretadas de forma mista pelos investidores. Ele disse que a infla\u00e7\u00e3o nos Estados Unidos come\u00e7ou a ceder, mas que \u00e9 preciso cautela e mais sinais antes de o \u00f3rg\u00e3o come\u00e7ar a cortar os juros da maior economia do planeta.<\/p>\n<p>Taxas menos altas em economias avan\u00e7adas estimulam a migra\u00e7\u00e3o de capitais para pa\u00edses emergentes, como o Brasil. No entanto, a incerteza sobre quando o ciclo de queda come\u00e7ar\u00e1 pressiona o d\u00f3lar.<\/p>\n<p>No cen\u00e1rio interno, os investidores aguardam o fim das negocia\u00e7\u00f5es do texto que regulamenta a reforma tribut\u00e1ria. O <a href=\"https:\/\/agenciabrasil.ebc.com.br\/economia\/noticia\/2024-07\/isencao-carnes-pode-elevar-aliquota-geral-em-053-ponto-diz-haddad\" target=\"_blank\" rel=\"noopener\">projeto de lei complementar <\/a>ser\u00e1 votado nesta quarta-feira (10) na C\u00e2mara dos Deputados.<\/p>\n<p>No fim da tarde, declara\u00e7\u00f5es do ministro da Fazenda, Fernando Haddad, de que o <a href=\"https:\/\/agenciabrasil.ebc.com.br\/economia\/noticia\/2024-07\/haddad-diz-que-stf-agira-se-desoneracao-da-folha-nao-coberta\" target=\"_blank\" rel=\"noopener\">Supremo Tribunal Federal poder\u00e1 agir<\/a>, caso o Congresso n\u00e3o garanta todos os recursos para cobrir a desonera\u00e7\u00e3o da folha de pagamento, refor\u00e7ou o compromisso da equipe econ\u00f4mica em evitar perda de receitas.<\/p>\n<p><em>*Com informa\u00e7\u00f5es da Reuters<\/em><\/p>\n<\/p><\/div>\n<p><br \/>\n<br \/><a href=\"https:\/\/agenciabrasil.ebc.com.br\/economia\/noticia\/2024-07\/dolar-cai-para-r-541-e-fecha-no-menor-nivel-em-duas-semanas\" rel=\"noopener\">Ag\u00eancia Brasil<\/a><\/p>\n","protected":false},"excerpt":{"rendered":"<p>Em um dia de poucos neg\u00f3cios por causa do feriado estadual em S\u00e3o Paulo, o d\u00f3lar teve forte queda e atingiu o menor valor em duas semanas, na contram\u00e3o do mercado internacional. A bolsa de valores subiu pela s\u00e9tima vez seguida, na maior sequ\u00eancia de altas em um ano, e superou os 127 mil pontos. [&hellip;]<\/p>\n","protected":false},"author":1,"featured_media":7515,"comment_status":"open","ping_status":"open","sticky":false,"template":"","format":"standard","meta":{"_jetpack_newsletter_access":"","_jetpack_dont_email_post_to_subs":false,"_jetpack_newsletter_tier_id":0,"_jetpack_memberships_contains_paywalled_content":false,"_mbp_banners":[],"_jetpack_feature_clip_id":0,"_jetpack_memberships_contains_paid_content":false,"footnotes":"","jetpack_publicize_message":"","jetpack_publicize_feature_enabled":true,"jetpack_social_post_already_shared":true,"jetpack_social_options":{"image_generator_settings":{"template":"highway","default_image_id":0,"font":"","enabled":false},"version":2},"jetpack_post_was_ever_published":false},"categories":[24],"tags":[],"class_list":["post-10030","post","type-post","status-publish","format-standard","has-post-thumbnail","category-economia"],"jetpack_publicize_connections":[],"jetpack-related-posts":[],"jetpack_shortlink":"https:\/\/wp.me\/p7Eq1F-2BM","jetpack_sharing_enabled":true,"jetpack_featured_media_url":"https:\/\/i0.wp.com\/guialimeira.com.br\/news\/wp-content\/uploads\/2024\/06\/2021-10-06t120841z_1_lynxmpeh950lf_rtroptp_4_dolar-abre.jpg?fit=1600%2C800&ssl=1","_links":{"self":[{"href":"https:\/\/guialimeira.com.br\/news\/wp-json\/wp\/v2\/posts\/10030","targetHints":{"allow":["GET"]}}],"collection":[{"href":"https:\/\/guialimeira.com.br\/news\/wp-json\/wp\/v2\/posts"}],"about":[{"href":"https:\/\/guialimeira.com.br\/news\/wp-json\/wp\/v2\/types\/post"}],"author":[{"embeddable":true,"href":"https:\/\/guialimeira.com.br\/news\/wp-json\/wp\/v2\/users\/1"}],"replies":[{"embeddable":true,"href":"https:\/\/guialimeira.com.br\/news\/wp-json\/wp\/v2\/comments?post=10030"}],"version-history":[{"count":0,"href":"https:\/\/guialimeira.com.br\/news\/wp-json\/wp\/v2\/posts\/10030\/revisions"}],"wp:featuredmedia":[{"embeddable":true,"href":"https:\/\/guialimeira.com.br\/news\/wp-json\/wp\/v2\/media\/7515"}],"wp:attachment":[{"href":"https:\/\/guialimeira.com.br\/news\/wp-json\/wp\/v2\/media?parent=10030"}],"wp:term":[{"taxonomy":"category","embeddable":true,"href":"https:\/\/guialimeira.com.br\/news\/wp-json\/wp\/v2\/categories?post=10030"},{"taxonomy":"post_tag","embeddable":true,"href":"https:\/\/guialimeira.com.br\/news\/wp-json\/wp\/v2\/tags?post=10030"}],"curies":[{"name":"wp","href":"https:\/\/api.w.org\/{rel}","templated":true}]}}