{"id":10026,"date":"2024-07-09T18:34:38","date_gmt":"2024-07-09T21:34:38","guid":{"rendered":"https:\/\/guialimeira.com.br\/2024\/07\/09\/isencao-a-carnes-pode-elevar-aliquota-geral-em-053-ponto-diz-haddad\/"},"modified":"2024-07-09T18:34:38","modified_gmt":"2024-07-09T21:34:38","slug":"isencao-a-carnes-pode-elevar-aliquota-geral-em-053-ponto-diz-haddad","status":"publish","type":"post","link":"https:\/\/guialimeira.com.br\/news\/isencao-a-carnes-pode-elevar-aliquota-geral-em-053-ponto-diz-haddad\/","title":{"rendered":"Isen\u00e7\u00e3o a carnes pode elevar al\u00edquota geral em 0,53 ponto, diz Haddad"},"content":{"rendered":"<p> <br \/>\n<\/p>\n<div>\n<p>A inclus\u00e3o das carnes na cesta b\u00e1sica elevar\u00e1 a al\u00edquota geral do Imposto sobre Valor Adicionado (IVA) em 0,53 ponto percentual, de 26,5% para 27,03%, disse nesta ter\u00e7a-feira (9) o ministro da Fazenda, Fernando Haddad. Esse \u00e9 o impacto calculado pela Receita Federal, caso o Congresso isente o produto na regulamenta\u00e7\u00e3o da reforma tribut\u00e1ria.<img data-recalc-dims=\"1\" decoding=\"async\" src=\"https:\/\/i0.wp.com\/agenciabrasil.ebc.com.br\/ebc.png?w=696&#038;ssl=1\" style=\"width:1px; height:1px; display:inline;\"\/><img data-recalc-dims=\"1\" decoding=\"async\" src=\"https:\/\/i0.wp.com\/agenciabrasil.ebc.com.br\/ebc.gif?w=696&#038;ssl=1\" style=\"width:1px; height:1px; display:inline;\"\/><\/p>\n<p>A estimativa \u00e9 um pouco inferior \u00e0 do Banco Mundial, que calcula impacto de 0,57 ponto percentual no IVA. Caso o Congresso inclua a carne na lista de exce\u00e7\u00f5es, o Brasil ter\u00e1 a maior al\u00edquota do mundo de IVA, superando a Hungria, que tem al\u00edquota de 27%. Pelo modelo da reforma tribut\u00e1ria, a inclus\u00e3o de exce\u00e7\u00f5es, como al\u00edquotas mais baixas e regimes especiais, eleva a al\u00edquota para os demais produtos.<\/p>\n<p>O ministro deu a estimativa ao retornar de reuni\u00e3o com l\u00edderes partid\u00e1rios e o presidente da C\u00e2mara dos Deputados, Arthur Lira. Nesta noite, a C\u00e2mara vota a urg\u00eancia do <a href=\"https:\/\/agenciabrasil.ebc.com.br\/economia\/noticia\/2024-07\/entenda-nova-versao-do-projeto-que-regulamenta-reforma-tributaria\" rel=\"noopener\">projeto de lei complementar que regulamenta a reforma tribut\u00e1ria<\/a>. Nesta quarta-feira (10), \u00e0s 10h, est\u00e1 previsto o in\u00edcio da vota\u00e7\u00e3o do m\u00e9rito do projeto pelo Plen\u00e1rio da Casa.<\/p>\n<p>\u201cHoje foi feita uma apresenta\u00e7\u00e3o detalhada de como esses c\u00e1lculos s\u00e3o feitos para dar seguran\u00e7a para os deputados de que a Fazenda est\u00e1 cumprindo o seu papel. A decis\u00e3o pol\u00edtica \u00e9 do Congresso Nacional, \u00e9 quem vai dar a \u00faltima palavra sobre a reforma, mas o Congresso n\u00e3o vai poder dizer que n\u00e3o prestamos as informa\u00e7\u00f5es devidas [sobre o impacto de eventuais mudan\u00e7as no projeto]\u201d, declarou Haddad.<\/p>\n<p>Segundo Haddad, a desonera\u00e7\u00e3o das carnes \u00e9 o principal entrave para a vota\u00e7\u00e3o do projeto. Embora Lira tenha desistido da inten\u00e7\u00e3o de incluir a carne na cesta b\u00e1sica com al\u00edquota zero, a bancada ruralista continua a articula\u00e7\u00e3o para reincluir o ponto no texto. Outros pontos pol\u00eamicos s\u00e3o a exclus\u00e3o de armas e muni\u00e7\u00f5es e a inclus\u00e3o de carros el\u00e9tricos no Imposto Seletivo, tributo que incidir\u00e1 sobre produtos que fa\u00e7am mal \u00e0 sa\u00fade ou ao meio ambiente.<\/p>\n<p>\u201cEm rela\u00e7\u00e3o \u00e0s armas, o impacto [sobre a arrecada\u00e7\u00e3o do governo] \u00e9 pequeno. O tema \u00e9 relevante, mas vamos distinguir temas relevantes de impactos relevantes sobre a al\u00edquota. S\u00e3o coisas diferentes. Tem coisa muito sens\u00edvel, que \u00e9 simb\u00f3lica. E tem coisa que impacta a al\u00edquota geral. As duas s\u00e3o relevantes, mas evidentemente a que impacta a al\u00edquota geral [como as carnes] recebe uma aten\u00e7\u00e3o maior neste momento do Col\u00e9gio de L\u00edderes\u201d, acrescentou Haddad.<\/p>\n<h2>Cashback<\/h2>\n<p>Uma ideia em discuss\u00e3o, informou Haddad, \u00e9 o aumento no cashback, devolu\u00e7\u00e3o de tributos a fam\u00edlias inclu\u00eddas no Cadastro \u00danico para Programas Sociais do Governo Federal (Cad\u00danico) para compensar a manuten\u00e7\u00e3o da carne na lista de produtos com al\u00edquota reduzida para 40% da al\u00edquota cheia. A regulamenta\u00e7\u00e3o do mecanismo de ressarcimento tamb\u00e9m est\u00e1 inclu\u00edda no projeto de lei complementar.<\/p>\n<p>\u201cO cashback est\u00e1 sendo discutido. Aumentar a parcela do imposto que \u00e9 devolvida para as pessoas que est\u00e3o no cadastro \u00fanico. Isso \u00e9 uma coisa que tem efeitos distributivos importantes. Ent\u00e3o, \u00e0s vezes, n\u00e3o \u00e9 inventar toda a carne, mas aumentar o cashback de quem n\u00e3o pode pagar o valor cheio da carne. Ent\u00e3o, foi discutido tudo isso com muita tranquilidade\u201d, completou o ministro.<\/p>\n<\/p><\/div>\n<p><br \/>\n<br \/><a href=\"https:\/\/agenciabrasil.ebc.com.br\/economia\/noticia\/2024-07\/isencao-carnes-pode-elevar-aliquota-geral-em-053-ponto-diz-haddad\" rel=\"noopener\">Ag\u00eancia Brasil<\/a><\/p>\n","protected":false},"excerpt":{"rendered":"<p>A inclus\u00e3o das carnes na cesta b\u00e1sica elevar\u00e1 a al\u00edquota geral do Imposto sobre Valor Adicionado (IVA) em 0,53 ponto percentual, de 26,5% para 27,03%, disse nesta ter\u00e7a-feira (9) o ministro da Fazenda, Fernando Haddad. Esse \u00e9 o impacto calculado pela Receita Federal, caso o Congresso isente o produto na regulamenta\u00e7\u00e3o da reforma tribut\u00e1ria. A [&hellip;]<\/p>\n","protected":false},"author":1,"featured_media":10027,"comment_status":"open","ping_status":"open","sticky":false,"template":"","format":"standard","meta":{"_jetpack_newsletter_access":"","_jetpack_dont_email_post_to_subs":false,"_jetpack_newsletter_tier_id":0,"_jetpack_memberships_contains_paywalled_content":false,"_mbp_banners":[],"_jetpack_feature_clip_id":0,"_jetpack_memberships_contains_paid_content":false,"footnotes":"","jetpack_publicize_message":"","jetpack_publicize_feature_enabled":true,"jetpack_social_post_already_shared":true,"jetpack_social_options":{"image_generator_settings":{"template":"highway","default_image_id":0,"font":"","enabled":false},"version":2},"jetpack_post_was_ever_published":false},"categories":[24],"tags":[],"class_list":["post-10026","post","type-post","status-publish","format-standard","has-post-thumbnail","category-economia"],"jetpack_publicize_connections":[],"jetpack-related-posts":[],"jetpack_shortlink":"https:\/\/wp.me\/p7Eq1F-2BI","jetpack_sharing_enabled":true,"jetpack_featured_media_url":"https:\/\/i0.wp.com\/guialimeira.com.br\/news\/wp-content\/uploads\/2024\/07\/0g0a3273.jpg?fit=1600%2C800&ssl=1","_links":{"self":[{"href":"https:\/\/guialimeira.com.br\/news\/wp-json\/wp\/v2\/posts\/10026","targetHints":{"allow":["GET"]}}],"collection":[{"href":"https:\/\/guialimeira.com.br\/news\/wp-json\/wp\/v2\/posts"}],"about":[{"href":"https:\/\/guialimeira.com.br\/news\/wp-json\/wp\/v2\/types\/post"}],"author":[{"embeddable":true,"href":"https:\/\/guialimeira.com.br\/news\/wp-json\/wp\/v2\/users\/1"}],"replies":[{"embeddable":true,"href":"https:\/\/guialimeira.com.br\/news\/wp-json\/wp\/v2\/comments?post=10026"}],"version-history":[{"count":0,"href":"https:\/\/guialimeira.com.br\/news\/wp-json\/wp\/v2\/posts\/10026\/revisions"}],"wp:featuredmedia":[{"embeddable":true,"href":"https:\/\/guialimeira.com.br\/news\/wp-json\/wp\/v2\/media\/10027"}],"wp:attachment":[{"href":"https:\/\/guialimeira.com.br\/news\/wp-json\/wp\/v2\/media?parent=10026"}],"wp:term":[{"taxonomy":"category","embeddable":true,"href":"https:\/\/guialimeira.com.br\/news\/wp-json\/wp\/v2\/categories?post=10026"},{"taxonomy":"post_tag","embeddable":true,"href":"https:\/\/guialimeira.com.br\/news\/wp-json\/wp\/v2\/tags?post=10026"}],"curies":[{"name":"wp","href":"https:\/\/api.w.org\/{rel}","templated":true}]}}