{"id":10020,"date":"2024-07-09T17:33:15","date_gmt":"2024-07-09T20:33:15","guid":{"rendered":"https:\/\/guialimeira.com.br\/2024\/07\/09\/rs-governo-oferece-mais-r-1-bilhao-em-credito-a-micro-empresarios\/"},"modified":"2024-07-09T17:33:15","modified_gmt":"2024-07-09T20:33:15","slug":"rs-governo-oferece-mais-r-1-bilhao-em-credito-a-micro-empresarios","status":"publish","type":"post","link":"https:\/\/guialimeira.com.br\/news\/rs-governo-oferece-mais-r-1-bilhao-em-credito-a-micro-empresarios\/","title":{"rendered":"RS: governo oferece mais R$ 1 bilh\u00e3o em cr\u00e9dito a micro empres\u00e1rios"},"content":{"rendered":"<p> <br \/>\n<\/p>\n<div>\n<p>As micro e pequenas empresas (MPEs) afetadas pelas fortes chuvas de abril e maio no Rio Grande do Sul, ter\u00e3o, a partir desta quarta-feira (10), mais R$ 1 bilh\u00e3o dispon\u00edvel para contrata\u00e7\u00e3o com subs\u00eddios e car\u00eancia estendida.<img data-recalc-dims=\"1\" decoding=\"async\" src=\"https:\/\/i0.wp.com\/agenciabrasil.ebc.com.br\/ebc.png?w=696&#038;ssl=1\" style=\"width:1px; height:1px; display:inline;\"\/><img data-recalc-dims=\"1\" decoding=\"async\" src=\"https:\/\/i0.wp.com\/agenciabrasil.ebc.com.br\/ebc.gif?w=696&#038;ssl=1\" style=\"width:1px; height:1px; display:inline;\"\/><\/p>\n<p>O cr\u00e9dito ser\u00e1 via Programa Nacional de Apoio \u00e0s Microempresas e Empresas de Pequeno Porte (Pronampe) Solid\u00e1rio &#8211; RS. O aporte foi anunciado nesta ter\u00e7a-feira (9) pelo ministro da Secretaria Extraordin\u00e1ria de Apoio \u00e0 Reconstru\u00e7\u00e3o do Rio Grande do Sul, Paulo Pimenta, em <a href=\"https:\/\/x.com\/Pimenta13Br\/status\/1810682154214682666\" target=\"_blank\" rel=\"noopener\">publica\u00e7\u00e3o na rede social X<\/a>.<\/p>\n<p>O objetivo \u00e9 apoiar os micro e pequenos empreendedores que tiveram perdas materiais. O ministro explicou que o cr\u00e9dito emergencial continuar\u00e1 a ter 40% de subs\u00eddio do governo federal, al\u00e9m de car\u00eancia de dois anos para come\u00e7ar a pagar. Os empreendedores poder\u00e3o parcelar o saldo restante em at\u00e9 36 presta\u00e7\u00f5es, com juro zero.<\/p>\n<p>Paulo Pimenta projetou como ser\u00e1 a nova rodada de contrata\u00e7\u00e3o do Pronampe Solid\u00e1rio. \u201cN\u00f3s alocamos mais R$ 1 bilh\u00e3o no programa [Pronampe] que vai passar a rodar junto com o Fundo Social do BNDES [Banco Nacional de Desenvolvimento Econ\u00f4mico e Social], a partir de amanh\u00e3 (10). Com esse R$ 1 bilh\u00e3o a mais, conseguiremos alavancar mais R$ 2,5 bilh\u00f5es [na economia] e, ent\u00e3o, n\u00f3s j\u00e1 vamos chegar a R$ 5 bilh\u00f5es de Pronampe.\u201d<\/p>\n<p>Os valores da distribui\u00e7\u00e3o do Pronampe Solid\u00e1rio &#8211; RS poder\u00e3o ser revistos novamente, conforme necessidade e evolu\u00e7\u00e3o do programa no estado, adiantou Pimenta.<\/p>\n<h2>Programa<\/h2>\n<p>Especificamente para microempreendedores individuais, microempresas, pequenas empresas e profissionais liberais afetados por eventos clim\u00e1ticos extremos no Rio Grande do Sul, o governo federal destinou \u00e0 linha de financiamento do Pronampe Solid\u00e1rio o valor de R$ 1 bilh\u00e3o aos pequenos neg\u00f3cios localizados em cidades em situa\u00e7\u00e3o de calamidade.<\/p>\n<p>Quanto ao valor do empr\u00e9stimo, a <a href=\"https:\/\/www.in.gov.br\/web\/dou\/-\/portaria-mf-n-843-de-23-de-maio-de-2024-561511589\" target=\"_blank\" rel=\"noopener\">Portaria n\u00ba 843\/2024<\/a> estabelece que o empreendedor pode solicitar at\u00e9 60% do faturamento do ano anterior da empresa, at\u00e9 o limite de R$ 150 mil (o que for menor).<\/p>\n<p>Inicialmente, essa condi\u00e7\u00e3o especial est\u00e1 dispon\u00edvel na Caixa Econ\u00f4mica Federal e no Banco do Brasil. O empreendedor interessado deve procurar uma ag\u00eancia banc\u00e1ria e levar documentos que comprovem que o pequeno neg\u00f3cio est\u00e1 localizado em um munic\u00edpio em situa\u00e7\u00e3o de calamidade p\u00fablica, oficialmente reconhecida pelo Minist\u00e9rio da Integra\u00e7\u00e3o e do Desenvolvimento Regional (MIDR).<\/p>\n<p>Al\u00e9m do Pronampe Solid\u00e1rio \u2013 RS, no fim de maio, o governo federal publicou a <a href=\"https:\/\/pesquisa.in.gov.br\/imprensa\/jsp\/visualiza\/index.jsp?jornal=601&amp;pagina=1&amp;data=29\/05\/2024&amp;totalArquivos=1\" target=\"_blank\" rel=\"noopener\">Medida Provis\u00f3ria n\u00ba 1.226\/2024<\/a> com diversas linhas de financiamento, via Banco Nacional de Desenvolvimento Social (BNDES), para <a href=\"https:\/\/agenciabrasil.ebc.com.br\/economia\/noticia\/2024-05\/governo-anuncia-r-15-bilhoes-para-empresas-do-rio-grande-do-sul\" target=\"_blank\" rel=\"noopener\">empresas de todos os portes<\/a> e produtores rurais no Rio Grande do Sul, no valor de R$ 15 bilh\u00f5es, com o objetivo de reestruturar diferentes setores econ\u00f4micos do estado.<\/p>\n<p>\u00a0<\/p>\n<\/p><\/div>\n<p><br \/>\n<br \/><a href=\"https:\/\/agenciabrasil.ebc.com.br\/economia\/noticia\/2024-07\/rs-governo-oferece-mais-r-1-bilhao-em-credito-micro-empresarios\" rel=\"noopener\">Ag\u00eancia Brasil<\/a><\/p>\n","protected":false},"excerpt":{"rendered":"<p>As micro e pequenas empresas (MPEs) afetadas pelas fortes chuvas de abril e maio no Rio Grande do Sul, ter\u00e3o, a partir desta quarta-feira (10), mais R$ 1 bilh\u00e3o dispon\u00edvel para contrata\u00e7\u00e3o com subs\u00eddios e car\u00eancia estendida. O cr\u00e9dito ser\u00e1 via Programa Nacional de Apoio \u00e0s Microempresas e Empresas de Pequeno Porte (Pronampe) Solid\u00e1rio &#8211; [&hellip;]<\/p>\n","protected":false},"author":1,"featured_media":10021,"comment_status":"open","ping_status":"open","sticky":false,"template":"","format":"standard","meta":{"_jetpack_newsletter_access":"","_jetpack_dont_email_post_to_subs":false,"_jetpack_newsletter_tier_id":0,"_jetpack_memberships_contains_paywalled_content":false,"_mbp_banners":[],"_jetpack_feature_clip_id":0,"_jetpack_memberships_contains_paid_content":false,"footnotes":"","jetpack_publicize_message":"","jetpack_publicize_feature_enabled":true,"jetpack_social_post_already_shared":true,"jetpack_social_options":{"image_generator_settings":{"template":"highway","default_image_id":0,"font":"","enabled":false},"version":2},"jetpack_post_was_ever_published":false},"categories":[24],"tags":[],"class_list":["post-10020","post","type-post","status-publish","format-standard","has-post-thumbnail","category-economia"],"jetpack_publicize_connections":[],"jetpack-related-posts":[],"jetpack_shortlink":"https:\/\/wp.me\/p7Eq1F-2BC","jetpack_sharing_enabled":true,"jetpack_featured_media_url":"https:\/\/i0.wp.com\/guialimeira.com.br\/news\/wp-content\/uploads\/2024\/07\/mg_3276.jpg?fit=1600%2C800&ssl=1","_links":{"self":[{"href":"https:\/\/guialimeira.com.br\/news\/wp-json\/wp\/v2\/posts\/10020","targetHints":{"allow":["GET"]}}],"collection":[{"href":"https:\/\/guialimeira.com.br\/news\/wp-json\/wp\/v2\/posts"}],"about":[{"href":"https:\/\/guialimeira.com.br\/news\/wp-json\/wp\/v2\/types\/post"}],"author":[{"embeddable":true,"href":"https:\/\/guialimeira.com.br\/news\/wp-json\/wp\/v2\/users\/1"}],"replies":[{"embeddable":true,"href":"https:\/\/guialimeira.com.br\/news\/wp-json\/wp\/v2\/comments?post=10020"}],"version-history":[{"count":0,"href":"https:\/\/guialimeira.com.br\/news\/wp-json\/wp\/v2\/posts\/10020\/revisions"}],"wp:featuredmedia":[{"embeddable":true,"href":"https:\/\/guialimeira.com.br\/news\/wp-json\/wp\/v2\/media\/10021"}],"wp:attachment":[{"href":"https:\/\/guialimeira.com.br\/news\/wp-json\/wp\/v2\/media?parent=10020"}],"wp:term":[{"taxonomy":"category","embeddable":true,"href":"https:\/\/guialimeira.com.br\/news\/wp-json\/wp\/v2\/categories?post=10020"},{"taxonomy":"post_tag","embeddable":true,"href":"https:\/\/guialimeira.com.br\/news\/wp-json\/wp\/v2\/tags?post=10020"}],"curies":[{"name":"wp","href":"https:\/\/api.w.org\/{rel}","templated":true}]}}