{"id":10008,"date":"2024-07-09T14:32:14","date_gmt":"2024-07-09T17:32:14","guid":{"rendered":"https:\/\/guialimeira.com.br\/2024\/07\/09\/vini-jr-pede-desculpas-por-ter-desfalcado-brasil-em-jogo-decisivo\/"},"modified":"2024-07-09T14:32:14","modified_gmt":"2024-07-09T17:32:14","slug":"vini-jr-pede-desculpas-por-ter-desfalcado-brasil-em-jogo-decisivo","status":"publish","type":"post","link":"https:\/\/guialimeira.com.br\/news\/vini-jr-pede-desculpas-por-ter-desfalcado-brasil-em-jogo-decisivo\/","title":{"rendered":"Vini Jr. pede desculpas por ter desfalcado Brasil em jogo decisivo"},"content":{"rendered":"<p> <br \/>\n<\/p>\n<div>\n<p>O atacante Vin\u00edcius J\u00fanior reconheceu \u201cfalha\u201d por levar dois cart\u00f5es amarelos \u201cevit\u00e1veis\u201d na fase de grupos da Copa Am\u00e9rica, que o impediram de disputar o duelo de quartas de final, no qual <a href=\"https:\/\/agenciabrasil.ebc.com.br\/esportes\/noticia\/2024-07\/brasil-cai-nos-penaltis-diante-do-uruguai-e-da-adeus-copa-america\" rel=\"noopener\"><strong>a sele\u00e7\u00e3o foi eliminada pelo Uruguai<\/strong><\/a>. O camisa 7 fez o desabafo nas redes sociais nesta ter\u00e7a-feira (9), tr\u00eas dias ap\u00f3s a derrota do Brasil na cobran\u00e7a de p\u00eanaltis (4 a 2), ap\u00f3s 1 a 1 no tempo normal.<img data-recalc-dims=\"1\" decoding=\"async\" src=\"https:\/\/i0.wp.com\/agenciabrasil.ebc.com.br\/ebc.png?w=696&#038;ssl=1\" style=\"width:1px; height:1px; display:inline;\"\/><img data-recalc-dims=\"1\" decoding=\"async\" src=\"https:\/\/i0.wp.com\/agenciabrasil.ebc.com.br\/ebc.gif?w=696&#038;ssl=1\" style=\"width:1px; height:1px; display:inline;\"\/><\/p>\n<blockquote>\n<p>\u201cFalhei ao tomar dois cart\u00f5es amarelos evit\u00e1veis. Novamente assisti \u00e0 elimina\u00e7\u00e3o do lado de fora. Mas, dessa vez, por culpa minha. Pe\u00e7o desculpas por isso. Sei ouvir as cr\u00edticas e as mais duras, acreditem, v\u00eam de dentro de casa.\u00a0<br \/>Minha trajet\u00f3ria na sele\u00e7\u00e3o, felizmente, est\u00e1 s\u00f3 come\u00e7ando. Ao lado dos meus companheiros, terei chance de recolocar nossa Sele\u00e7\u00e3o no lugar que merece\u201d, afirmou o atacante de 23 anos.<\/p>\n<\/blockquote>\n<blockquote class=\"instagram-media\" data-instgrm-captioned=\"\" data-instgrm-permalink=\"https:\/\/www.instagram.com\/p\/C9M6QzKoZyN\/?utm_source=ig_embed&amp;utm_campaign=loading\" data-instgrm-version=\"14\" style=\" background:#FFF; border:0; border-radius:3px; box-shadow:0 0 1px 0 rgba(0,0,0,0.5),0 1px 10px 0 rgba(0,0,0,0.15); margin: 1px; max-width:540px; min-width:326px; padding:0; width:99.375%; width:-webkit-calc(100% - 2px); width:calc(100% - 2px);\">\n<\/blockquote>\n<p>No \u00faltimo s\u00e1bado (6), Vini Jr n\u00e3o jogou contra o Uruguai pois cumpriu suspens\u00e3o autom\u00e1tica pela soma de dois amarelos na fase de grupos. O \u00faltimo deles foi dado pelo \u00e1rbitro logo aos seis minutos de jogo, quando o camisa 7 atingiu James Rodriguez com o bra\u00e7o, ap\u00f3s levar um bal\u00e3o do advers\u00e1rio.<\/p>\n<p>A elimina\u00e7\u00e3o do Brasil no s\u00e1bado (6) foi a nona do pa\u00eds em quartas de final, desde a conquista pentacampeonato mundial em 2002. A sele\u00e7\u00e3o amarga uma sequ\u00eancia de cinco trope\u00e7os consecutivos nas quartas dos Mundiais (2006, 2010, 2014, 2018 e 2022) e outros quatro nas Copas Am\u00e9ricas (2011, 2015, 2016 e 2024).<\/p>\n<p>A partir de agora a sele\u00e7\u00e3o foca na classifica\u00e7\u00e3o para a Copa do Mundo de 2026, com sede nos Estados Unidos, Canad\u00e1 e M\u00e9xico. O Brasil ocupa a sexta posi\u00e7\u00e3o na tabela (s\u00e3o ao todo 12 equipes participantes), a 12 rodadas do fim das Eliminat\u00f3rias Sul-Americanas. O pr\u00f3ximo duelo ser\u00e1 em casa, contra o Equador, no dia 5 de setembro. Apenas os sete primeiros colocados ao fim das Eliminat\u00f3rias garantir\u00e3o presen\u00e7a na Copa de 2026.<\/p>\n<\/p><\/div>\n<p><script async src=\"\/\/www.instagram.com\/embed.js\"><\/script><br \/>\n<br \/><br \/>\n<br \/><a href=\"https:\/\/agenciabrasil.ebc.com.br\/esportes\/noticia\/2024-07\/vini-jr-pede-desculpas-por-ter-desfalcado-brasil-em-jogo-decisivo\" rel=\"noopener\">Ag\u00eancia Brasil<\/a><\/p>\n","protected":false},"excerpt":{"rendered":"<p>O atacante Vin\u00edcius J\u00fanior reconheceu \u201cfalha\u201d por levar dois cart\u00f5es amarelos \u201cevit\u00e1veis\u201d na fase de grupos da Copa Am\u00e9rica, que o impediram de disputar o duelo de quartas de final, no qual a sele\u00e7\u00e3o foi eliminada pelo Uruguai. O camisa 7 fez o desabafo nas redes sociais nesta ter\u00e7a-feira (9), tr\u00eas dias ap\u00f3s a derrota [&hellip;]<\/p>\n","protected":false},"author":1,"featured_media":10009,"comment_status":"open","ping_status":"open","sticky":false,"template":"","format":"standard","meta":{"_jetpack_newsletter_access":"","_jetpack_dont_email_post_to_subs":false,"_jetpack_newsletter_tier_id":0,"_jetpack_memberships_contains_paywalled_content":false,"_mbp_banners":[],"_jetpack_feature_clip_id":0,"_jetpack_memberships_contains_paid_content":false,"footnotes":"","jetpack_publicize_message":"","jetpack_publicize_feature_enabled":true,"jetpack_social_post_already_shared":true,"jetpack_social_options":{"image_generator_settings":{"template":"highway","default_image_id":0,"font":"","enabled":false},"version":2},"jetpack_post_was_ever_published":false},"categories":[23],"tags":[],"class_list":["post-10008","post","type-post","status-publish","format-standard","has-post-thumbnail","category-esportes"],"jetpack_publicize_connections":[],"jetpack-related-posts":[],"jetpack_shortlink":"https:\/\/wp.me\/p7Eq1F-2Bq","jetpack_sharing_enabled":true,"jetpack_featured_media_url":"https:\/\/i0.wp.com\/guialimeira.com.br\/news\/wp-content\/uploads\/2024\/07\/vinicius_junior_selecao_0.jpg?fit=1600%2C800&ssl=1","_links":{"self":[{"href":"https:\/\/guialimeira.com.br\/news\/wp-json\/wp\/v2\/posts\/10008","targetHints":{"allow":["GET"]}}],"collection":[{"href":"https:\/\/guialimeira.com.br\/news\/wp-json\/wp\/v2\/posts"}],"about":[{"href":"https:\/\/guialimeira.com.br\/news\/wp-json\/wp\/v2\/types\/post"}],"author":[{"embeddable":true,"href":"https:\/\/guialimeira.com.br\/news\/wp-json\/wp\/v2\/users\/1"}],"replies":[{"embeddable":true,"href":"https:\/\/guialimeira.com.br\/news\/wp-json\/wp\/v2\/comments?post=10008"}],"version-history":[{"count":0,"href":"https:\/\/guialimeira.com.br\/news\/wp-json\/wp\/v2\/posts\/10008\/revisions"}],"wp:featuredmedia":[{"embeddable":true,"href":"https:\/\/guialimeira.com.br\/news\/wp-json\/wp\/v2\/media\/10009"}],"wp:attachment":[{"href":"https:\/\/guialimeira.com.br\/news\/wp-json\/wp\/v2\/media?parent=10008"}],"wp:term":[{"taxonomy":"category","embeddable":true,"href":"https:\/\/guialimeira.com.br\/news\/wp-json\/wp\/v2\/categories?post=10008"},{"taxonomy":"post_tag","embeddable":true,"href":"https:\/\/guialimeira.com.br\/news\/wp-json\/wp\/v2\/tags?post=10008"}],"curies":[{"name":"wp","href":"https:\/\/api.w.org\/{rel}","templated":true}]}}